{"id":542,"date":"2006-07-12T12:00:40","date_gmt":"2006-07-12T10:00:40","guid":{"rendered":"http:\/\/www.albinz.de\/blog\/?p=542"},"modified":"2006-07-12T15:28:54","modified_gmt":"2006-07-12T13:28:54","slug":"klinsmann-geht","status":"publish","type":"post","link":"https:\/\/willizblog.de\/?p=542","title":{"rendered":"Klinsmann geht"},"content":{"rendered":"<p>Alle haben ihn gebeten, weiterzumachen. Aber es hat nichts geholfen. J\u00fcrgen Klinsmann verl\u00e4ngert nicht seinen Vertrag als Bundestrainer bei DFB. Irgendwie war das vorhersehbar. Auch wenn es ihm sichtlich Spa\u00df gemacht hat und er die deutsche Fu\u00dfballnationalmannschaft immerhin bis auf Platz drei der WM 2006 f\u00fchrte, so hat er doch sein pers\u00f6nliches Ziel, den WM-Titel, verpasst.<\/p>\n<p>Sicherlich sind die Gr\u00fcnde, nicht weiterzumachen, zutreffend. Man kann nicht mit immer gleichem Energieaufwand diesen Job fortf\u00fchren. Die Familie lebt nun einmal in den USA und er m\u00f6chte die Reisestrapazen nicht auf weitere Dauer auf sich nehmen.<\/p>\n<p><img src=\"https:\/\/www.albinz.net\/images\/klinsmann.jpg\" alt=\"J\u00fcrgen Klinsmann grinst nicht mehr\" \/><\/p>\n<p>Aber es steht auch au\u00dfer Frage, dass er bei der WM Fehler begangen hat, die dazu f\u00fchrten, dass Klinsmann sein pers\u00f6nliches Ziel verpasste. Gegen Italien w\u00e4hlte er die falsche Taktik. Die Mannschaft schaffte es nicht schnell genug, auf die unerwartete italienische Offensive  zu reagieren. Borowski von Anfang an spielen zu lassen, muss auch als Fehler angerechnet werden. Dieser rieb sich in den ersten 60 Minuten auf und fehlte dann in der entscheidenen Schlussphase.<\/p>\n<p>Auch d\u00fcrfte Klinsmann erkannt haben, dass in der jetzigen Mannschaft kein ausbauf\u00e4higeres Potential steckt. W\u00e4hrend der WM wurde das Team wesentlich durch die Euphorie der Zuschauer getragen. Die Spiele gegen Argentinien und vorallem gegen Italien brachten bereits keinen Fortschritt und zeigten die Grenzen der Leistungsf\u00e4higkeit auf. Kehrt erst einmal der Alltag wieder ein, dann wird auch die Mannschaft auf dem Boden der Tatsachen zur\u00fcckkehren. Da helfen auch keine neuen Trainingsmethoden.<\/p>\n<p>Joachim L\u00f6w, der bisherige Assistenztrainer und Cheftaktiker, \u00fcbernimmt Klinsmanns Job.<\/p>\n<p>weiter siehe auch <a href=\"http:\/\/www.heute.de\/ZDFheute\/inhalt\/4\/0,3672,3955780,00.html\" target=\"_blank\">zdf.de<\/a>\n<\/p>\n<p><strong>\u00dcbrigens:<\/strong> Lippi, der Trainer der Italiener, dem neuen Fu\u00dfball-Weltmeister der Herren, tritt auch zur\u00fcck, was mich irgendwie schon sehr erstaunt. Aber wahrscheinlich sollte man auf dem H\u00f6hepunkt seiner Karriere zur\u00fccktreten (oder gibt es vielleicht noch andere Gr\u00fcnde?).<\/p>\n","protected":false},"excerpt":{"rendered":"<p>Alle haben ihn gebeten, weiterzumachen. Aber es hat nichts geholfen. J\u00fcrgen Klinsmann verl\u00e4ngert nicht seinen Vertrag als Bundestrainer bei DFB. Irgendwie war das vorhersehbar. Auch wenn es ihm sichtlich Spa\u00df gemacht hat und er die deutsche Fu\u00dfballnationalmannschaft immerhin bis auf Platz drei der WM 2006 f\u00fchrte, so hat er doch sein pers\u00f6nliches Ziel, den WM-Titel, &hellip; <a href=\"https:\/\/willizblog.de\/?p=542\" class=\"more-link\"><span class=\"screen-reader-text\">Klinsmann geht<\/span> weiterlesen <span class=\"meta-nav\">&rarr;<\/span><\/a><\/p>\n","protected":false},"author":1,"featured_media":0,"comment_status":"closed","ping_status":"closed","sticky":false,"template":"","format":"standard","meta":[],"categories":[39],"tags":[],"_links":{"self":[{"href":"https:\/\/willizblog.de\/index.php?rest_route=\/wp\/v2\/posts\/542"}],"collection":[{"href":"https:\/\/willizblog.de\/index.php?rest_route=\/wp\/v2\/posts"}],"about":[{"href":"https:\/\/willizblog.de\/index.php?rest_route=\/wp\/v2\/types\/post"}],"author":[{"embeddable":true,"href":"https:\/\/willizblog.de\/index.php?rest_route=\/wp\/v2\/users\/1"}],"replies":[{"embeddable":true,"href":"https:\/\/willizblog.de\/index.php?rest_route=%2Fwp%2Fv2%2Fcomments&post=542"}],"version-history":[{"count":0,"href":"https:\/\/willizblog.de\/index.php?rest_route=\/wp\/v2\/posts\/542\/revisions"}],"wp:attachment":[{"href":"https:\/\/willizblog.de\/index.php?rest_route=%2Fwp%2Fv2%2Fmedia&parent=542"}],"wp:term":[{"taxonomy":"category","embeddable":true,"href":"https:\/\/willizblog.de\/index.php?rest_route=%2Fwp%2Fv2%2Fcategories&post=542"},{"taxonomy":"post_tag","embeddable":true,"href":"https:\/\/willizblog.de\/index.php?rest_route=%2Fwp%2Fv2%2Ftags&post=542"}],"curies":[{"name":"wp","href":"https:\/\/api.w.org\/{rel}","templated":true}]}}