{"id":5455,"date":"2012-01-20T10:10:42","date_gmt":"2012-01-20T09:10:42","guid":{"rendered":"http:\/\/www.willizblog.de\/?p=5455"},"modified":"2012-01-20T09:59:35","modified_gmt":"2012-01-20T08:59:35","slug":"zlata-praha-1","status":"publish","type":"post","link":"https:\/\/willizblog.de\/?p=5455","title":{"rendered":"Zlat\u00e1 Praha (1)"},"content":{"rendered":"<p>Ende M\u00e4rz f\u00e4hrt der j\u00fcngere meiner beiden S\u00f6hne auf Klassenfahrt nach <a href=\"https:\/\/de.wikipedia.org\/wiki\/Prag\" target=\"_blank\">Prag<\/a>. Die Hauptstadt Tschechiens ist wohl sehr beliebt bei jungen Menschen. Ich muss gestehen, dass sie mir auch sehr gut gef\u00e4llt. Das hat sicherlich aber auch andere Gr\u00fcnde.<\/p>\n<p>Prag ist eine einzigartige Stadt. Besonders die <a href=\"https:\/\/de.wikipedia.org\/wiki\/Prag#Innenstadt\" target=\"_blank\">Innenstadt<\/a> zeigt heute ein geschlossenes, von Gotik und Barock gepr\u00e4gtes Stadtbild. Prag ist die \u201eGoldene Stadt\u201c (Zlat\u00e1 Praha = Goldenes Prag) und war besonders in der Zeit Kafkas (zur Jahrhundertwende um 1900) eine nach au\u00dfen weltoffene Stadt und ein Treibhaus f\u00fcr K\u00fcnstler und nachwachsende Literaten. Und Prag ist ein Eldorado f\u00fcr <a href=\"http:\/\/www.myczechrepublic.com\/de\/prag\/prager-pubs.html\" target=\"_blank\">Bierfreunde<\/a>.<\/p>\n<p>Als ich mit einem Freund in der Vorosterzeit 1982, also vor fast genau drei\u00dfig Jahren, Prag besuchte, da mussten wir nat\u00fcrlich u.a. auch ins <a href=\"https:\/\/de.wikipedia.org\/wiki\/U_Flek%C5%AF\" target=\"_blank\">\u201eU Flek&#367;\u201c<\/a> (deutsch: beim Fleck). Es handelt sich dabei um die bekannteste im Jahre 1499 gegr\u00fcndete Prager Brauereikneipe in der Prager Neustadt, K&#345;emencova 11. Wahrzeichen ist die drau\u00dfen h\u00e4ngende Uhr. Dort wird zu b\u00f6hmischer K\u00fcche ein gepflegtes dunkles Bier ausgeschenkt. Damals war es dort abends schon recht voll, heute ist es eine touristische Attraktion, zu der die G\u00e4ste scharenweise in Bussen vorgekarrt werden. Bekannt d\u00fcrfte auch der Gasthaus <a href=\"http:\/\/www.ukalicha.cz\/shop\/index.php?lang=DE\" target=\"_blank\">\u201eZum Kelch\u201c<\/a> (tschechisch Hostinec  \u201eU Kalicha\u201c) sein, in dem der <a href=\"https:\/\/de.wikipedia.org\/wiki\/Der_brave_Soldat_Schwejk\" target=\"_blank\">brave Soldat Schwejk<\/a> wegen Hochverrats verhaftet wurde.<\/p>\n<ul><img loading=\"lazy\" border=\"0\" src=\" http:\/\/de.marys.cz\/img\/gallery\/prague\/prague-praha-15.jpg\" alt=\"Zlat\u00e1 Praha - Quelle: de.marys.cz\" title=\"Zlat\u00e1 Praha - Quelle: de.marys.cz\" width=\"270\" height=\"360\"><\/ul>\n<p>Fotoquelle: <a href=\"http:\/\/de.marys.cz\/photo_gallery\/prague\/\" target=\"_blank\">de.marys.cz<\/a><\/p>\n<p>Prag ist eine <a href=\"https:\/\/de.wikipedia.org\/wiki\/Geschichte_Prags\" target=\"_blank\">geschichtstr\u00e4chtige Stadt<\/a>. Daneben ist sie aber vor allem eine Stadt der Literatur. <a target=\"_blank\" href=\"https:\/\/www.amazon.de\/gp\/search?ie=UTF8&#038;keywords=schwejk&#038;tag=familiealbin-21&#038;index=books&#038;linkCode=ur2&#038;camp=1638&#038;creative=6742\"><strong>Der brave Soldat Schwejk<\/strong><\/a><img loading=\"lazy\" src=\"https:\/\/www.assoc-amazon.de\/e\/ir?t=familiealbin-21&#038;l=ur2&#038;o=3\" width=\"1\" height=\"1\" border=\"0\" alt=\"\" style=\"border:none !important; margin:0px !important;\" \/> ist ein antimilitaristisch-satirischer Schelmenroman und wurde in Prag (zum Teil in Wirtsh\u00e4usern) von <a href=\"https:\/\/de.wikipedia.org\/wiki\/Jaroslav_Ha%C5%A1ek\" target=\"_blank\">Jaroslav Ha\u0161ek<\/a> (1883\u20131923) verfasst. Und nat\u00fcrlich lebte und schrieb <a href=\"https:\/\/de.wikipedia.org\/wiki\/Franz_Kafka\" target=\"_blank\">Frank Kafka<\/a> hier seine Erz\u00e4hlungen und Romane(siehe: <a href=\"https:\/\/www.willizblog.de\/?p=5432\" target=\"_blank\">Franz Kafka: Der Prozess<\/a>). Sein Roman <a href=\"https:\/\/de.wikipedia.org\/wiki\/Das_Schloss\" target=\"_blank\">\u201aDas Schloss\u2019<\/a> w\u00e4re wahrscheinlich ohne die <a href=\"https:\/\/de.wikipedia.org\/wiki\/Prager_Burg\" target=\"_blank\">Prager Burg<\/a> auf dem <a href=\"https:\/\/de.wikipedia.org\/wiki\/Hradschin\" target=\"_blank\">Hradschin<\/a> gar nicht m\u00f6glich.<\/p>\n<p>Bekannt d\u00fcrfte auch vielen die <a href=\"https:\/\/de.wikipedia.org\/wiki\/Golem#Die_Legende_vom_Prager_Golem\" target=\"_blank\">Legende um dem Golem<\/a> sein, einer menschen\u00e4hnlichen, aus Lehm gebildeten Gestalt, die durch Magie zum Leben erweckt wurde (siehe hierzu auch: <a href=\"https:\/\/www.willizblog.de\/?p=101\" target=\"_blank\">Gustav Meyrink: Der Golem<\/a>).<\/p>\n<p>Zum ersten Mal r\u00fcckte Prag 1968 in mein Interesse \u2013 ich war damals 14 Jahre alt -, als der so genannte <a href=\"https:\/\/www.willizblog.de\/?p=1282\" target=\"_blank\">Prager Fr\u00fchling niedergeschlagen<\/a> wurde. Sehr beeindruckt hatte ich mich damals der Tod des Studenten <a href=\"https:\/\/www.willizblog.de\/?p=1243\" target=\"_blank\">Jan Palach<\/a>. \u00dcber die damaligen Ereignisse bin ich dann auch zu Kafka gekommen.<\/p>\n<p>Man merkt es vielleicht bereits. Irgendwie lockt mich die Stadt. Ich kann mir gut denken, Prag in den n\u00e4chsten Jahren mit meiner Familie einmal wieder einen Besuch abzustatten. Zun\u00e4chst w\u00fcnsche ich aber meinem Sohn viel Spa\u00df dort.<\/p>\n<p>siehe hierzu auch <a href=\"http:\/\/de.marys.cz\/photo_gallery\/prague\/\" target=\"_blank\">eine kleine Fotogalerie der Stadt<\/a><br \/>\n<a href=\"https:\/\/www.willizblog.de\/?p=3299\" target=\"_blank\">Google Street View (2): Prag<\/a><br \/>\n<a href=\"https:\/\/www.willizblog.de\/?p=5082\" target=\"_blank\">Umberto Eco: Der Friedhof in Prag<\/a><\/p>\n","protected":false},"excerpt":{"rendered":"<p>Ende M\u00e4rz f\u00e4hrt der j\u00fcngere meiner beiden S\u00f6hne auf Klassenfahrt nach Prag. Die Hauptstadt Tschechiens ist wohl sehr beliebt bei jungen Menschen. Ich muss gestehen, dass sie mir auch sehr gut gef\u00e4llt. Das hat sicherlich aber auch andere Gr\u00fcnde. Prag ist eine einzigartige Stadt. Besonders die Innenstadt zeigt heute ein geschlossenes, von Gotik und Barock &hellip; <a href=\"https:\/\/willizblog.de\/?p=5455\" class=\"more-link\"><span class=\"screen-reader-text\">Zlat\u00e1 Praha (1)<\/span> weiterlesen <span class=\"meta-nav\">&rarr;<\/span><\/a><\/p>\n","protected":false},"author":1,"featured_media":0,"comment_status":"open","ping_status":"open","sticky":false,"template":"","format":"standard","meta":[],"categories":[3,10],"tags":[],"_links":{"self":[{"href":"https:\/\/willizblog.de\/index.php?rest_route=\/wp\/v2\/posts\/5455"}],"collection":[{"href":"https:\/\/willizblog.de\/index.php?rest_route=\/wp\/v2\/posts"}],"about":[{"href":"https:\/\/willizblog.de\/index.php?rest_route=\/wp\/v2\/types\/post"}],"author":[{"embeddable":true,"href":"https:\/\/willizblog.de\/index.php?rest_route=\/wp\/v2\/users\/1"}],"replies":[{"embeddable":true,"href":"https:\/\/willizblog.de\/index.php?rest_route=%2Fwp%2Fv2%2Fcomments&post=5455"}],"version-history":[{"count":0,"href":"https:\/\/willizblog.de\/index.php?rest_route=\/wp\/v2\/posts\/5455\/revisions"}],"wp:attachment":[{"href":"https:\/\/willizblog.de\/index.php?rest_route=%2Fwp%2Fv2%2Fmedia&parent=5455"}],"wp:term":[{"taxonomy":"category","embeddable":true,"href":"https:\/\/willizblog.de\/index.php?rest_route=%2Fwp%2Fv2%2Fcategories&post=5455"},{"taxonomy":"post_tag","embeddable":true,"href":"https:\/\/willizblog.de\/index.php?rest_route=%2Fwp%2Fv2%2Ftags&post=5455"}],"curies":[{"name":"wp","href":"https:\/\/api.w.org\/{rel}","templated":true}]}}