{"id":5460,"date":"2012-01-21T15:50:31","date_gmt":"2012-01-21T14:50:31","guid":{"rendered":"http:\/\/www.willizblog.de\/?p=5460"},"modified":"2012-01-21T15:53:19","modified_gmt":"2012-01-21T14:53:19","slug":"heute-ruhetag-1-der-wahre-weg","status":"publish","type":"post","link":"https:\/\/willizblog.de\/?p=5460","title":{"rendered":"Heute Ruhetag (1): Der wahre Weg &#8230;"},"content":{"rendered":"<p><img src=\"https:\/\/www.willizblog.de\/blogpicts\/ruhetag.jpg\" alt=\"Heute Ruhetag!\" title=\"Heute Ruhetag!\" \/><\/p>\n<p>Der wahre Weg geht \u00fcber ein Seil, das nicht in der H\u00f6he gespannt ist, sondern knapp \u00fcber dem Boden. Es scheint mehr bestimmt stolpern zu machen, als begangen zu werden.<\/p>\n<p><strong>Franz Kafka<\/strong>: Betrachtungen \u00fcber S\u00fcnde, Leid, Hoffnung und den wahren Weg<\/p>\n","protected":false},"excerpt":{"rendered":"<p>Der wahre Weg geht \u00fcber ein Seil, das nicht in der H\u00f6he gespannt ist, sondern knapp \u00fcber dem Boden. Es scheint mehr bestimmt stolpern zu machen, als begangen zu werden. Franz Kafka: Betrachtungen \u00fcber S\u00fcnde, Leid, Hoffnung und den wahren Weg<\/p>\n","protected":false},"author":1,"featured_media":0,"comment_status":"open","ping_status":"open","sticky":false,"template":"","format":"standard","meta":[],"categories":[3],"tags":[],"_links":{"self":[{"href":"https:\/\/willizblog.de\/index.php?rest_route=\/wp\/v2\/posts\/5460"}],"collection":[{"href":"https:\/\/willizblog.de\/index.php?rest_route=\/wp\/v2\/posts"}],"about":[{"href":"https:\/\/willizblog.de\/index.php?rest_route=\/wp\/v2\/types\/post"}],"author":[{"embeddable":true,"href":"https:\/\/willizblog.de\/index.php?rest_route=\/wp\/v2\/users\/1"}],"replies":[{"embeddable":true,"href":"https:\/\/willizblog.de\/index.php?rest_route=%2Fwp%2Fv2%2Fcomments&post=5460"}],"version-history":[{"count":0,"href":"https:\/\/willizblog.de\/index.php?rest_route=\/wp\/v2\/posts\/5460\/revisions"}],"wp:attachment":[{"href":"https:\/\/willizblog.de\/index.php?rest_route=%2Fwp%2Fv2%2Fmedia&parent=5460"}],"wp:term":[{"taxonomy":"category","embeddable":true,"href":"https:\/\/willizblog.de\/index.php?rest_route=%2Fwp%2Fv2%2Fcategories&post=5460"},{"taxonomy":"post_tag","embeddable":true,"href":"https:\/\/willizblog.de\/index.php?rest_route=%2Fwp%2Fv2%2Ftags&post=5460"}],"curies":[{"name":"wp","href":"https:\/\/api.w.org\/{rel}","templated":true}]}}