{"id":5479,"date":"2012-01-25T10:36:34","date_gmt":"2012-01-25T09:36:34","guid":{"rendered":"http:\/\/www.willizblog.de\/?p=5479"},"modified":"2012-02-03T18:11:51","modified_gmt":"2012-02-03T17:11:51","slug":"demontration-an-4-februar-tostedt-gegen-rechts","status":"publish","type":"post","link":"https:\/\/willizblog.de\/?p=5479","title":{"rendered":"Demonstration am 4. Februar: Tostedt gegen Rechts"},"content":{"rendered":"<p>Der braune Spuk in Tostedt geht vorerst weiter. Das Urteil gegen den Betreiber des Ladengesch\u00e4ft \u201eStreetwear\u201c wegen Landfriedensbruchs wurde <a href=\"https:\/\/www.willizblog.de\/?p=5464\" target=\"_blank\">wie kurz berichtet<\/a> aufgehoben. Damit ist auch die Bew\u00e4hrungsauflage, den Laden, der Anlaufsstelle f\u00fcr die rechtsextremistische Szene ist, zu schlie\u00dfen, hinf\u00e4llig. Man kann vom dem Urteil halten, was man will. Es mag juristisch richtig sein (immerhin war es ein geschickter Schachzug des Herrn S., zuzugeben, die besagte \u201eWaffe bereits l\u00e4ngere Zeit bei sich gehabt\u201c zu haben). Damit Herr S. und Konsorten aber nicht zu sehr die Urteilsaufhebung feiern und im Gegenteil sp\u00fcren, dass man in Tostedt nicht gewillt ist, das Treiben der rechtsextremistischen Szene zu dulden, ruft der Tostedter B\u00fcrgermeister mit Unterst\u00fctzung aller Fraktionen der im Gemeinderat Tostedt und Samtgemeinderat Tostedt vertretenen Parteien (u.a. <a href=\"http:\/\/www.gruene-tostedt.de\/?p=570\" target=\"_blank\">die Gr\u00fcnen<\/a>) zu einer Demonstration am Samstag, den 4. Februar 2012 ab 14 Uhr vor dem Rathaus in Tostedt auf:<\/p>\n<table border=\"0\" cellpadding=\"4\" cellspacing=\"0\" width=\"550\">\n<tr>\n<td width=\"100%\"><b><\/p>\n<p align=\"center\"><font face=\"Lucida Grande, Lucida Sans Unicode, Verdana, sans-serif\" size=\"6\">B\u00fcrgerbewegung<br \/>\nTostedt gegen Rechts<br \/>\nB\u00fcrger demonstrieren gegen Neonazis<\/font><\/p>\n<p align=\"center\"><font face=\"Lucida Grande, Lucida Sans Unicode, Verdana, sans-serif\" size=\"4\">Wann: Samstag, den 04.02.2012 ab 14:00 Uhr<\/font><\/p>\n<p align=\"center\"><font face=\"Lucida Grande, Lucida Sans Unicode, Verdana, sans-serif\" size=\"5\">Treffpunkt: Rathaus<\/font><\/p>\n<p align=\"center\"><font face=\"Lucida Grande, Lucida Sans Unicode, Verdana, sans-serif\" size=\"5\">Gang zum Platz Am Sande<\/font><\/p>\n<p align=\"center\"><font face=\"Lucida Grande, Lucida Sans Unicode, Verdana, sans-serif\" size=\"3\">Anschlie\u00dfend laden die Tostedter Kirchen zu einer Friedensandacht in die Johanneskirche ein<\/font><\/p>\n<p align=\"center\"><font face=\"Lucida Grande, Lucida Sans Unicode, Verdana, sans-serif\" size=\"4\">Fassungslosigkeit und Emp\u00f6rung \u00fcber den Beschluss des Oberlandesgerichts Celle!<\/font><\/p>\n<p align=\"center\"><font face=\"Lucida Grande, Lucida Sans Unicode, Verdana, sans-serif\" size=\"4\">Neonazi Silar muss seinen Szeneladen <u>nicht<\/u> schlie\u00dfen!<\/font><\/p>\n<p align=\"center\"><font face=\"Lucida Grande, Lucida Sans Unicode, Verdana, sans-serif\" size=\"6\">Uns reicht`s!<\/font><\/p>\n<p align=\"center\"><font face=\"Lucida Grande, Lucida Sans Unicode, Verdana, sans-serif\" size=\"3\">Wir wehren uns gegen das braune Image Tostedts.<\/font><\/p>\n<p align=\"center\"><font face=\"Lucida Grande, Lucida Sans Unicode, Verdana, sans-serif\" size=\"3\">Kommen Sie mit auf die Demonstration, um zu zeigen,<\/font><\/p>\n<p align=\"center\"><font face=\"Lucida Grande, Lucida Sans Unicode, Verdana, sans-serif\" size=\"3\">dass die Mehrheit der Tostedter B\u00fcrger anders denkt!<\/font><\/p>\n<p align=\"center\"><font face=\"Lucida Grande, Lucida Sans Unicode, Verdana, sans-serif\" size=\"2\">Verantwortlich:<\/font><\/p>\n<p align=\"center\"><font face=\"Lucida Grande, Lucida Sans Unicode, Verdana, sans-serif\" size=\"2\">Gerhard Netzel<br \/>\nB\u00fcrgermeister der Gemeinde Tostedt<\/font><\/p>\n<p align=\"center\"><font face=\"Lucida Grande, Lucida Sans Unicode, Verdana, sans-serif\" size=\"3\">Dieser Aufruf wird von allen im Rat der Gemeinde Tostedt und im Samtgemeinderat vertretenen Fraktionen sowie von Kirchengemeinden, Vereinen und Verb\u00e4nden unterst\u00fctzt!<\/font><\/p>\n<p>&nbsp;<\/b><\/td>\n<\/tr>\n<\/table>\n<p>Zur Information hier die Pressemeldung der Staatsanwaltschaft Stade vom 17.01.2012 zu der Einstellung des Strafverfahrens:<\/p>\n<table border=\"0\" cellpadding=\"4\" cellspacing=\"0\" width=\"550\">\n<tr>\n<td width=\"100%\">\n<p align=\"center\"><img loading=\"lazy\" border=\"0\" src=\"https:\/\/www.willizblog.de\/blogpicts\/staatsanwalt_stade_2012_presse01.jpg\" alt=\"Pressemeldung der Staatsanwaltschaft Stade vom 17.01.2012\" title=\"Pressemeldung der Staatsanwaltschaft Stade vom 17.01.2012\" width=\"540\" height=\"153\"><\/td>\n<\/tr>\n<tr>\n<td width=\"100%\"><b><font face=\"Lucida Grande, Lucida Sans Unicode, Verdana, sans-serif\" size=\"3\">Oberlandesgericht Celle hebt Verurteilung von Stefan Silar auf und stellt Strafverfahren ein<\/font><\/p>\n<p><font face=\"Lucida Grande, Lucida Sans Unicode, Verdana, sans-serif\" size=\"2\">Stade \/ Tostedt. <\/font><\/b><font face=\"Lucida Grande, Lucida Sans Unicode, Verdana, sans-serif\" size=\"2\">Auf die Revision des Angeklagten Stefan Silar hat das Oberlandesgericht Celle mit Beschluss vom 20.12.2011 ein Urteil des Landgerichts Stade vom 05.08.2011 aus Rechtsgr\u00fcnden aufgehoben und das Strafverfahren wegen des Vorwurfs des Landfriedensbruchs aufgrund eines sogenannten \u201eStrafklageverbrauchs\u201c eingestellt.<\/font><\/p>\n<p><font face=\"Lucida Grande, Lucida Sans Unicode, Verdana, sans-serif\" size=\"2\">Silar betreibt im Tostedter Raum das Ladengesch\u00e4ft &quot;Streetwear&quot;, in welchem er Bekleidung und Tontr\u00e4ger anbietet, die in der rechtsextremistischen Szene beliebt sind.<\/font><\/p>\n<p><font face=\"Lucida Grande, Lucida Sans Unicode, Verdana, sans-serif\" size=\"2\">Hintergrund der Entscheidung sind Ereignisse von Pfingsten 2010. Damals zog eine Gruppe von linksgerichteten Personen zum Ladengesch\u00e4ft \u201eStreetwear\u201c des Stefan Silar in Tostedt und traf dort auf rechtsgerichtete Personen aus dem Umfeld des Silar. Es kam zu Auseinandersetzungen zwischen den beiden Gruppen und der Polizei. Silar war deswegen zum einen mit einem inzwischen rechtskr\u00e4ftigen Strafbefehl des Amtsgerichts Tostedt vom 28.07.2010 wegen F\u00fchrens einer Schusswaffe ohne eine waffenrechtliche Erlaubnis zu einer Geldstrafe von 15 Tagess\u00e4tzen zu je 30 Euro verurteilt worden.<\/font><\/p>\n<p><font face=\"Lucida Grande, Lucida Sans Unicode, Verdana, sans-serif\" size=\"2\">Nachfolgend hat ihn das Amtsgericht &#8211; Sch\u00f6ffengericht &#8211; Tostedt am 21.02.2011 ebenfalls aufgrund der Ereignisse von Pfingsten 2010 wegen einer gesonderten prozessualen Tat des schweren Landfriedensbruchs zu einer Freiheitsstrafe von 1 Jahr und 6 Monaten verurteilt. Dieses Urteil wurde vom Landgericht Stade auf die Berufung des Silar aufgehoben, der nunmehr vom Landgericht Stade am 05.08.2011 nur noch wegen Landfriedensbruchs zu einer Freiheitsstrafe von 9 Monaten verurteilt wurde, deren Vollstreckung zudem zur Bew\u00e4hrung ausgesetzt wurde. Silar erhielt die Bew\u00e4hrungsauflage, sein Ladengesch\u00e4ft \u201eStreetwear\u201c bis Ende M\u00e4rz 2012 zu schlie\u00dfen.<\/font><\/p>\n<p><font face=\"Lucida Grande, Lucida Sans Unicode, Verdana, sans-serif\" size=\"2\">Das Oberlandesgericht in Celle hob das vorgenannte Berufungsurteil gegen Silar vom 05.08.2011 nunmehr auf, weil die Tat aus dem Strafbefehl und aus dem angefochtenen Berufungsurteil als eine Tat im prozessualen Sinne anzusehen sei.<\/font><\/p>\n<p><font face=\"Lucida Grande, Lucida Sans Unicode, Verdana, sans-serif\" size=\"2\">Die Staatsanwaltschaft war bei ihrer Anklageerhebung noch davon ausgegangen, dass zwischen dem Landfriedensbruch und dem Waffendelikt entsprechend dem Sachstand in den Ermittlungsakten eine wesentliche zeitliche und \u00f6rtliche Z\u00e4sur bestand. Erstmals in der Hauptverhandlung vor dem Landgericht Stade behauptete Silar, er habe die Waffe bereits l\u00e4ngere Zeit bei sich gehabt. Das Landgericht Stade hat diese Einlassung zur Grundlage seiner Entscheidung gemacht, wobei das Oberlandesgericht Celle diese Feststellungen dahingehend rechtlich gew\u00fcrdigt hat, dass neben der vorangegangenen rechtskr\u00e4ftigen Verurteilung wegen des waffenrechtlichen Versto\u00dfes eine weitere gesonderte Verurteilung wegen Landfriedensbruchs unzul\u00e4ssig sei.<\/font><\/td>\n<\/tr>\n<tr>\n<td width=\"100%\">\n<p align=\"center\"><img loading=\"lazy\" border=\"0\" src=\"https:\/\/www.willizblog.de\/blogpicts\/staatsanwalt_stade_2012_presse02.jpg\" alt=\"Pressemeldung der Staatsanwaltschaft Stade vom 17.01.2012\" title=\"Pressemeldung der Staatsanwaltschaft Stade vom 17.01.2012\" width=\"540\" height=\"77\"><\/td>\n<\/tr>\n<\/table>\n","protected":false},"excerpt":{"rendered":"<p>Der braune Spuk in Tostedt geht vorerst weiter. Das Urteil gegen den Betreiber des Ladengesch\u00e4ft \u201eStreetwear\u201c wegen Landfriedensbruchs wurde wie kurz berichtet aufgehoben. Damit ist auch die Bew\u00e4hrungsauflage, den Laden, der Anlaufsstelle f\u00fcr die rechtsextremistische Szene ist, zu schlie\u00dfen, hinf\u00e4llig. Man kann vom dem Urteil halten, was man will. Es mag juristisch richtig sein (immerhin &hellip; <a href=\"https:\/\/willizblog.de\/?p=5479\" class=\"more-link\"><span class=\"screen-reader-text\">Demonstration am 4. Februar: Tostedt gegen Rechts<\/span> weiterlesen <span class=\"meta-nav\">&rarr;<\/span><\/a><\/p>\n","protected":false},"author":1,"featured_media":0,"comment_status":"open","ping_status":"open","sticky":false,"template":"","format":"standard","meta":[],"categories":[12,11],"tags":[],"_links":{"self":[{"href":"https:\/\/willizblog.de\/index.php?rest_route=\/wp\/v2\/posts\/5479"}],"collection":[{"href":"https:\/\/willizblog.de\/index.php?rest_route=\/wp\/v2\/posts"}],"about":[{"href":"https:\/\/willizblog.de\/index.php?rest_route=\/wp\/v2\/types\/post"}],"author":[{"embeddable":true,"href":"https:\/\/willizblog.de\/index.php?rest_route=\/wp\/v2\/users\/1"}],"replies":[{"embeddable":true,"href":"https:\/\/willizblog.de\/index.php?rest_route=%2Fwp%2Fv2%2Fcomments&post=5479"}],"version-history":[{"count":0,"href":"https:\/\/willizblog.de\/index.php?rest_route=\/wp\/v2\/posts\/5479\/revisions"}],"wp:attachment":[{"href":"https:\/\/willizblog.de\/index.php?rest_route=%2Fwp%2Fv2%2Fmedia&parent=5479"}],"wp:term":[{"taxonomy":"category","embeddable":true,"href":"https:\/\/willizblog.de\/index.php?rest_route=%2Fwp%2Fv2%2Fcategories&post=5479"},{"taxonomy":"post_tag","embeddable":true,"href":"https:\/\/willizblog.de\/index.php?rest_route=%2Fwp%2Fv2%2Ftags&post=5479"}],"curies":[{"name":"wp","href":"https:\/\/api.w.org\/{rel}","templated":true}]}}