{"id":5483,"date":"2012-01-26T11:20:58","date_gmt":"2012-01-26T10:20:58","guid":{"rendered":"http:\/\/www.willizblog.de\/?p=5483"},"modified":"2012-01-26T11:30:28","modified_gmt":"2012-01-26T10:30:28","slug":"vom-quadraten-und-hinterhofen","status":"publish","type":"post","link":"https:\/\/willizblog.de\/?p=5483","title":{"rendered":"Vom Quadraten und Hinterh\u00f6fen"},"content":{"rendered":"<p>Eine Scherzfrage lautet: Wie hei\u00dft der h\u00f6chste Berg in Bremen? Antwort: Der <a href=\"https:\/\/de.wikipedia.org\/wiki\/Hulsberg#Hulsberg\" target=\"_blank\">Hulsberg<\/a>; von dort kann man bis ans schwarze Meer gucken. Nun es gibt in Bremen eine Stra\u00dfe \u201eAm Hulsberg\u201c und die m\u00fcndet in eine Stra\u00dfe mit dem Namen \u201eAm schwarzen Meer\u201c. Von einem Berg ist aber weit und breit keine Spur.<\/p>\n<p><iframe loading=\"lazy\" width=\"540\" height=\"240\" frameborder=\"0\" scrolling=\"no\" marginheight=\"0\" marginwidth=\"0\" src=\"https:\/\/maps.google.de\/maps?f=q&amp;source=s_q&amp;hl=de&amp;geocode=&amp;q=Bei+den+Drei+Pf%C3%A4hlen,+Bremen&amp;aq=0&amp;oq=bremen+bei&amp;sll=53.071546,8.846876&amp;sspn=0.007426,0.016544&amp;gl=de&amp;ie=UTF8&amp;hq=&amp;hnear=Bei+den+Drei+Pf%C3%A4hlen,+28205+Bremen&amp;t=m&amp;ll=53.072113,8.842299&amp;spn=0.003094,0.011566&amp;z=16&amp;iwloc=A&amp;output=embed\"><\/iframe><br \/>\nBremen: Am Hulsberg \u2013 Am schwarzen Meer<\/p>\n<p>Stra\u00dfennamen haben es schon in sich. Da gibt es die verr\u00fccktesten Namen. In Hamburg gibt es Stra\u00dfen wie <a href=\"https:\/\/maps.google.de\/maps?q=hamburg+ellenbogen\" target=\"_blank\">Ellenbogen<\/a> und <a href=\"https:\/\/de.wikipedia.org\/wiki\/Schulterblatt_%28Stra%C3%9Fe%29\" target=\"_blank\">Schulterblatt<\/a>. Oder wie in New York so sind Stra\u00dfen gewisserma\u00dfen durchnummeriert (siehe <a href=\"https:\/\/de.wikipedia.org\/wiki\/Fifth_Avenue\" target=\"_blank\">5th Avenue<\/a>).<\/p>\n<p><iframe loading=\"lazy\" width=\"540\" height=\"240\" frameborder=\"0\" scrolling=\"no\" marginheight=\"0\" marginwidth=\"0\" src=\"https:\/\/maps.google.de\/maps?f=q&amp;source=embed&amp;hl=de&amp;geocode=&amp;q=schanzenstra%C3%9Fe+hamburg&amp;aq=&amp;sll=53.563292,9.961123&amp;sspn=0.007341,0.016544&amp;gl=de&amp;ie=UTF8&amp;hq=&amp;hnear=Schanzenstra%C3%9Fe,+Hamburg&amp;t=m&amp;layer=c&amp;cbll=53.562463,9.961434&amp;panoid=s_aNPJbcK2rjc2YWn661Fg&amp;cbp=13,145.33,,0,-2.33&amp;ll=53.55892,9.961424&amp;spn=0.012236,0.046349&amp;z=14&amp;output=svembed\"><\/iframe><br \/>\nHamburg: Schulterblatt<\/p>\n<p>Aber es kommt noch kurioser. <a href=\"https:\/\/de.wikipedia.org\/wiki\/Mannheim\" target=\"_blank\">Mannheims<\/a> historische Innenstadt hat ein gitterf\u00f6rmiges Stra\u00dfennetz, ist also eine <a href=\"https:\/\/de.wikipedia.org\/wiki\/Planstadt\" target=\"_blank\">Planstadt<\/a>, die in H\u00e4userbl\u00f6cken statt in Stra\u00dfenz\u00fcgen angelegt wurde, und bis heute erhalten geblieben ist. Sie bildet eine mit der Festung verbundene B\u00fcrgerstadt. Statt Stra\u00dfennamen sind die jeweiligen Quadrate (H\u00e4userbl\u00f6cke) \u00e4hnlich wie auf einem Schachbrett bezeichnet, hier von A1 bis U6. Daher f\u00fchrt Mannheim auch den Beinamen <a href=\"https:\/\/de.wikipedia.org\/wiki\/Quadratestadt\" target=\"_blank\">Quadratestadt<\/a>.<\/p>\n<p><iframe loading=\"lazy\" width=\"540\" height=\"240\" frameborder=\"0\" scrolling=\"no\" marginheight=\"0\" marginwidth=\"0\" src=\"https:\/\/maps.google.de\/maps?q=mannheim&amp;oe=utf-8&amp;client=firefox-a&amp;ie=UTF8&amp;hq=&amp;hnear=Mannheim,+Karlsruhe,+Baden-W%C3%BCrttemberg&amp;gl=de&amp;t=m&amp;ll=49.487922,8.463593&amp;spn=0.013382,0.046263&amp;z=14&amp;iwloc=A&amp;output=embed\"><\/iframe><br \/>\nMannheim &#8211; historische Innenstadt als Planstadt<\/p>\n<p>Ein anderes Beispiel f\u00fcr eine Planstadt ist \u201e<a href=\"http:\/\/w20.bcn.cat\/Guiamap\/Default.aspx#x=28917&#038;y=83150&#038;z=2&#038;c=&#038;masc=&#038;filt=&#038;w=852&#038;h=535\" target=\"_blank\">Eixample<\/a> [katalanisch f\u00fcr Erweiterung), der zweite Stadtbezirk der katalanischen Hauptstadt <a href=\"https:\/\/de.wikipedia.org\/wiki\/Barcelona\" target=\"_blank\">Barcelona<\/a>, welcher f\u00fcr seine quadratischen H\u00e4userblocks mit den abgeschr\u00e4gten Ecken (Chaflanes) und den vielen <a href=\"https:\/\/de.wikipedia.org\/wiki\/Modernisme\" target=\"_blank\">modernistischen<\/a> Bauten bekannt ist. Auf einer Fl\u00e4che von 7,48 Quadratkilometern beherbergt er fast 270.000 Menschen (2008), somit macht ihn die Bev\u00f6lkerungsdichte von \u00fcber 35.800 Einw.\/km\u00b2 zu einem der am dichtesten besiedelten Orte in Europa.\u201c (Quelle: <a href=\"https:\/\/de.wikipedia.org\/wiki\/Eixample\" target=\"_blank\">de.wikipedia.org<\/a>).<\/p>\n<p><iframe loading=\"lazy\" width=\"540\" height=\"240\" frameborder=\"0\" scrolling=\"no\" marginheight=\"0\" marginwidth=\"0\" src=\"https:\/\/maps.google.de\/maps?f=q&amp;source=s_q&amp;hl=de&amp;geocode=&amp;q=Carrer+del+Perell%C3%B3,+Barcelona,+Spanien&amp;aq=0&amp;oq=carrer+del+perell,+Barcelona,+Spanien&amp;sll=41.397447,2.2069&amp;sspn=0.009271,0.016544&amp;gl=de&amp;ie=UTF8&amp;hq=&amp;hnear=Carrer+del+Perell%C3%B3,+08005+Barcelona,+Catalunya,+Spanien&amp;t=h&amp;ll=41.392586,2.159157&amp;spn=0.015454,0.046263&amp;z=14&amp;iwloc=A&amp;output=embed\"><\/iframe><br \/>\nBarcelona: Antiga Esquerra de l\u2019Eixample<\/p>\n<p>Die Planstadt Eixample f\u00fchrt \u00fcbrigens \u201anormale\u2019 Stra\u00dfennamen und wurde Ende des 19. Jahrhunderts errichtet, also zu einer Zeit, in der eine breite Industrialisierung und damit eine zunehmende Urbanisierung einsetzte, und die bei uns in Deutschland <a href=\"https:\/\/de.wikipedia.org\/wiki\/Gr%C3%BCnderzeit\" target=\"_blank\">Gr\u00fcnderzeit<\/a> genannt wird. Gro\u00dfst\u00e4dte wie <a href=\"https:\/\/de.wikipedia.org\/wiki\/Berlin\" target=\"_blank\">Berlin<\/a> ben\u00f6tigten dringend Wohnraum. So entstanden <a href=\"https:\/\/de.wikipedia.org\/wiki\/Mietskaserne\" target=\"_blank\">Mietskasernen<\/a> und speziell in Berlin der \u201eTypus des dreigliedrigen Berliner Mietshauses mit Vorderhaus, Seitenfl\u00fcgel, Hinterhaus um einen Hof in dicht bebauten Quartieren mit Blockrandbebauung\u201c. (Quelle: <a href=\"http:\/\/www.dhm.de\/lemo\/html\/kaiserreich\/alltagsleben\/mietskaserne\/index.html\" target=\"_blank\">Deutsches Historisches Museum<\/a>)<\/p>\n<p>Ein sehr interessantes, wenn auch nicht ganz typisches Beispiel hierf\u00fcr sind die <a href=\"http:\/\/www.hackesche-hoefe.com\/\" target=\"_blank\">Hackeschen H\u00f6fe<\/a> mit insgesamt acht H\u00f6fen. Dieses Areal wurde allerdings nicht nur f\u00fcr Wohnzwecke genutzt, sondern diente auch als Gewerbehof-Anlage. \u201eUngew\u00f6hnlich und neu war damals das Konzept, den ersten Hof kulturell zu nutzen und entsprechend aufw\u00e4ndig zu gestalten. Auch hierin zeigte sich der Einfluss der um 1900 propagierten Lebensreform-Bewegung. Im Jahr 1905 hatte Berlin zwei Millionen Einwohner und galt als gr\u00f6\u00dfte Mietskasernenstadt der Welt, die Tuberkulose als \u201eBerliner Krankheit\u201c. Eigent\u00fcmer und Architekt der Hackeschen H\u00f6fe wollten mit ihrer Anlage ein beispielhaftes Umfeld f\u00fcr modernes, ges\u00fcnderes Wohnen und Arbeiten schaffen. Die Wohnh\u00f6fe lagen weitab vom Stra\u00dfenl\u00e4rm im Blockinneren und wurden nach M\u00f6glichkeit so angelegt, dass sie von benachbarten Gr\u00fcnanlagen \u2013 dem alten J\u00fcdischen Friedhof von 1672 und dem Friedhof der evangelischen Sophiengemeinde \u2013 Sonnenlicht und Sauerstoff bekommen konnten. Zur Ausstattung der H\u00f6fe geh\u00f6rten Gr\u00fcnpflanzen, ein gro\u00dfer Sandkasten, mehrere Brunnen. Die rund 80 Wohnungen hatten vielfach Balkone und durchweg B\u00e4der, Innentoiletten und Zentralheizung.\u201c (Quelle: <a href=\"https:\/\/de.wikipedia.org\/wiki\/Hackesche_H%C3%B6fe\" target=\"_blank\">de.wikipedia.org<\/a>)<\/p>\n<p>Heute gibt es in den Hackeschen H\u00f6fen Galerien und Werkst\u00e4tten, Restaurants und Bars, Theater und Kino, B\u00fcros und Wohnungen. Die genaue Anschrift lautet \u00fcbrigens Rosenthalerstra\u00dfe 40\/41 &#038; Sophienstra\u00dfe 6. Die Nennung des jeweiligen Hinterhofes in der Postanschrift ist wohl sinnvoll. Das Fotoblog: <a href=\"http:\/\/berliner-hinterhoefe.blogspot.com\/\" target=\"_blank\">Berliner Hinterh\u00f6fe<\/a> zeigt anschaulich, wie diese Hinterh\u00f6fe heute gestaltet sind.<\/p>\n<p><iframe loading=\"lazy\" width=\"540\" height=\"240\" frameborder=\"0\" scrolling=\"no\" marginheight=\"0\" marginwidth=\"0\" src=\"https:\/\/maps.google.de\/maps?f=q&amp;source=s_q&amp;hl=de&amp;geocode=&amp;q=berlin+m%C3%BCnzstra%C3%9Fe&amp;aq=&amp;sll=52.523768,13.40229&amp;sspn=0.007141,0.016544&amp;gl=de&amp;g=Rosenthaler+Stra%C3%9Fe+40,+D-10178+Berlin&amp;ie=UTF8&amp;hq=&amp;hnear=M%C3%BCnzstra%C3%9Fe,+10178+Berlin&amp;t=h&amp;ll=52.524499,13.401453&amp;spn=0.001567,0.005783&amp;z=17&amp;iwloc=A&amp;output=embed\"><\/iframe><br \/>\nBerlin Hackesche H\u00f6fe (Rosenthalerstra\u00dfe 40\/41 &#038; Sophienstra\u00dfe 6)<\/p>\n","protected":false},"excerpt":{"rendered":"<p>Eine Scherzfrage lautet: Wie hei\u00dft der h\u00f6chste Berg in Bremen? Antwort: Der Hulsberg; von dort kann man bis ans schwarze Meer gucken. Nun es gibt in Bremen eine Stra\u00dfe \u201eAm Hulsberg\u201c und die m\u00fcndet in eine Stra\u00dfe mit dem Namen \u201eAm schwarzen Meer\u201c. Von einem Berg ist aber weit und breit keine Spur. Bremen: Am &hellip; <a href=\"https:\/\/willizblog.de\/?p=5483\" class=\"more-link\"><span class=\"screen-reader-text\">Vom Quadraten und Hinterh\u00f6fen<\/span> weiterlesen <span class=\"meta-nav\">&rarr;<\/span><\/a><\/p>\n","protected":false},"author":1,"featured_media":0,"comment_status":"open","ping_status":"open","sticky":false,"template":"","format":"standard","meta":[],"categories":[20],"tags":[],"_links":{"self":[{"href":"https:\/\/willizblog.de\/index.php?rest_route=\/wp\/v2\/posts\/5483"}],"collection":[{"href":"https:\/\/willizblog.de\/index.php?rest_route=\/wp\/v2\/posts"}],"about":[{"href":"https:\/\/willizblog.de\/index.php?rest_route=\/wp\/v2\/types\/post"}],"author":[{"embeddable":true,"href":"https:\/\/willizblog.de\/index.php?rest_route=\/wp\/v2\/users\/1"}],"replies":[{"embeddable":true,"href":"https:\/\/willizblog.de\/index.php?rest_route=%2Fwp%2Fv2%2Fcomments&post=5483"}],"version-history":[{"count":0,"href":"https:\/\/willizblog.de\/index.php?rest_route=\/wp\/v2\/posts\/5483\/revisions"}],"wp:attachment":[{"href":"https:\/\/willizblog.de\/index.php?rest_route=%2Fwp%2Fv2%2Fmedia&parent=5483"}],"wp:term":[{"taxonomy":"category","embeddable":true,"href":"https:\/\/willizblog.de\/index.php?rest_route=%2Fwp%2Fv2%2Fcategories&post=5483"},{"taxonomy":"post_tag","embeddable":true,"href":"https:\/\/willizblog.de\/index.php?rest_route=%2Fwp%2Fv2%2Ftags&post=5483"}],"curies":[{"name":"wp","href":"https:\/\/api.w.org\/{rel}","templated":true}]}}