{"id":551,"date":"2006-07-23T14:39:38","date_gmt":"2006-07-23T12:39:38","guid":{"rendered":"http:\/\/www.albinz.de\/blog\/?p=551"},"modified":"2006-07-23T14:39:38","modified_gmt":"2006-07-23T12:39:38","slug":"tour-des-amis","status":"publish","type":"post","link":"https:\/\/willizblog.de\/?p=551","title":{"rendered":"Tour des Amis"},"content":{"rendered":"<p>Nach dem Abgang von Armstrong und ohne Basso und Ullrich r\u00fcckte die Tour de France bei vielen au\u00dferhalb jedlichen Interesses. Aber pl\u00f6tzlich wurde es dann spannend &#8211; u.a. weil Floyd Landis am Mittwoch v\u00f6llig einbrach und nur im Schlepptau das Ziel in La Toussuire, \u00fcber 8 Minuten nach den Spaniern Sastre und Pereiro, erreichte. Aber schon den Tag darauf schlug der US-Amerikaner zur\u00fcck und fuhr in Morzine auf Platz drei vor, knapp hinter beiden Spaniern und fast zwei Minuten vor Kl\u00f6den, der im T-Mobile-Team die deutschen Farben hochhielt. Es war fast mehr Dummheit als \u00dcberheblichkeit der Konkurrenz, die Landis am Donnerstag davonziehen lie\u00df. Gestern beim Zeitfahren machte der Amerikaner dann alles klar. Andreas Kl\u00f6den konnte lediglich auf Platz drei vorfahren. Nach der Dominanz Lance Armstrongs ist es also wieder ein Amerikaner, der auch 2006 die Tour de France gewinnt. So spannend war es dann also doch wieder nicht, die &#8222;Tour der Amerikaner&#8220;.<\/p>\n<p><img src=\"https:\/\/www.albinz.net\/images\/tour_de_france_2006_kloeden.jpg\" alt=\"Andreas Kl\u00f6den - 3. der Tour de France 2006\" \/><\/p>\n","protected":false},"excerpt":{"rendered":"<p>Nach dem Abgang von Armstrong und ohne Basso und Ullrich r\u00fcckte die Tour de France bei vielen au\u00dferhalb jedlichen Interesses. Aber pl\u00f6tzlich wurde es dann spannend &#8211; u.a. weil Floyd Landis am Mittwoch v\u00f6llig einbrach und nur im Schlepptau das Ziel in La Toussuire, \u00fcber 8 Minuten nach den Spaniern Sastre und Pereiro, erreichte. Aber &hellip; <a href=\"https:\/\/willizblog.de\/?p=551\" class=\"more-link\"><span class=\"screen-reader-text\">Tour des Amis<\/span> weiterlesen <span class=\"meta-nav\">&rarr;<\/span><\/a><\/p>\n","protected":false},"author":1,"featured_media":0,"comment_status":"closed","ping_status":"closed","sticky":false,"template":"","format":"standard","meta":[],"categories":[4],"tags":[],"_links":{"self":[{"href":"https:\/\/willizblog.de\/index.php?rest_route=\/wp\/v2\/posts\/551"}],"collection":[{"href":"https:\/\/willizblog.de\/index.php?rest_route=\/wp\/v2\/posts"}],"about":[{"href":"https:\/\/willizblog.de\/index.php?rest_route=\/wp\/v2\/types\/post"}],"author":[{"embeddable":true,"href":"https:\/\/willizblog.de\/index.php?rest_route=\/wp\/v2\/users\/1"}],"replies":[{"embeddable":true,"href":"https:\/\/willizblog.de\/index.php?rest_route=%2Fwp%2Fv2%2Fcomments&post=551"}],"version-history":[{"count":0,"href":"https:\/\/willizblog.de\/index.php?rest_route=\/wp\/v2\/posts\/551\/revisions"}],"wp:attachment":[{"href":"https:\/\/willizblog.de\/index.php?rest_route=%2Fwp%2Fv2%2Fmedia&parent=551"}],"wp:term":[{"taxonomy":"category","embeddable":true,"href":"https:\/\/willizblog.de\/index.php?rest_route=%2Fwp%2Fv2%2Fcategories&post=551"},{"taxonomy":"post_tag","embeddable":true,"href":"https:\/\/willizblog.de\/index.php?rest_route=%2Fwp%2Fv2%2Ftags&post=551"}],"curies":[{"name":"wp","href":"https:\/\/api.w.org\/{rel}","templated":true}]}}