{"id":5523,"date":"2012-02-04T07:27:57","date_gmt":"2012-02-04T06:27:57","guid":{"rendered":"http:\/\/www.willizblog.de\/?p=5523"},"modified":"2012-02-03T18:10:09","modified_gmt":"2012-02-03T17:10:09","slug":"tostedter-burger-demonstrieren-gegen-rechte-gewalt","status":"publish","type":"post","link":"https:\/\/willizblog.de\/?p=5523","title":{"rendered":"Tostedter B\u00fcrger demonstrieren gegen rechte Gewalt"},"content":{"rendered":"<p>Hiermit m\u00f6chte ich noch einmal alle B\u00fcrger in Tostedt und Umgebung im Landkreis Harburg zur friedvollen <a href=\"https:\/\/www.willizblog.de\/?p=5479\" target=\"_blank\">Demonstration am 4. Februar: Tostedt gegen Rechts<\/a> aufrufen, die von allen im Rat der Gemeinde Tostedt und im Samtgemeinderat vertretenen Fraktionen sowie von Kirchengemeinden, Vereinen und Verb\u00e4nden unterst\u00fctzt wird. Es ist an der Zeit zu zeigen, dass Tostedt keine braune Hochburg ist, dass hier jede Art von menschenverachtender Politik kein Zuhause hat. Es tut endlich Not, Pr\u00e4senz gegen neonazistisches Gedankengut zu zeigen: Wir lassen uns nicht einsch\u00fcchtern!<\/p>\n<p><iframe loading=\"lazy\" width=\"420\" height=\"420\" frameborder=\"0\" scrolling=\"no\" marginheight=\"0\" marginwidth=\"0\" src=\"https:\/\/maps.google.de\/maps?f=d&amp;source=s_d&amp;saddr=Sch%C3%BCtzenstra%C3%9Fe+24,+21255+Tostedt&amp;daddr=Am+Sande+to:Himmelsweg&amp;hl=de&amp;geocode=FV70LAMd7ieUAClbhZGfZ6GxRzEAoSg8S-riXQ%3BFTgCLQMdOTKUAA%3BFX8FLQMdgiSUAA&amp;aq=0&amp;oq=Himmelsweg+12&amp;sll=53.280964,9.712569&amp;sspn=0.001847,0.004136&amp;gl=de&amp;dirflg=w&amp;mra=dme&amp;mrsp=1&amp;sz=18&amp;ie=UTF8&amp;t=h&amp;ll=53.280059,9.70994&amp;spn=0.005388,0.008991&amp;z=16&amp;output=embed\"><\/iframe><br \/><small><a href=\"https:\/\/maps.google.de\/maps?f=d&amp;source=embed&amp;saddr=Sch%C3%BCtzenstra%C3%9Fe+24,+21255+Tostedt&amp;daddr=Am+Sande+to:Himmelsweg&amp;hl=de&amp;geocode=FV70LAMd7ieUAClbhZGfZ6GxRzEAoSg8S-riXQ%3BFTgCLQMdOTKUAA%3BFX8FLQMdgiSUAA&amp;aq=0&amp;oq=Himmelsweg+12&amp;sll=53.280964,9.712569&amp;sspn=0.001847,0.004136&amp;gl=de&amp;dirflg=w&amp;mra=dme&amp;mrsp=1&amp;sz=18&amp;ie=UTF8&amp;t=h&amp;ll=53.280059,9.70994&amp;spn=0.005388,0.008991&amp;z=16\" style=\"color:#0000FF;text-align:left\">Gr\u00f6\u00dfere Kartenansicht<\/a><\/small><br \/>\n<strong>(A)<\/strong> Treffpunkt Tostedt Rathaus (Sch\u00fctzenstra\u00dfe 24) \u2013 <strong>(B)<\/strong> Gang zum Platz Am Sande \u2013 <strong>(C)<\/strong> Johanneskirche (Himmelsweg)<\/p>\n<p><a href=\"https:\/\/www.willizblog.de\/?p=1226\" target=\"_blank\">Tostedt<\/a> <a href=\"https:\/\/www.willizblog.de\/?p=1237\" target=\"_blank\">ist bunt<\/a>: Deshalb: Erscheint heute zur B\u00fcrgerbewegung <a href=\"http:\/\/www.tostedt-gegen-rechts.de\/\" target=\"_blank\">Tostedt gegen Rechts<\/a>. Beginn um 14 Uhr beim Rathaus in Tostedt mit Gang zum Platz Am Sande. Anschlie\u00dfend laden die Tostedter Kirchen zu einer Friedensandacht in die <a href=\"http:\/\/www.kirche-tostedt.de\/die-johanneskirche.html\" target=\"_blank\">Johanneskirche<\/a> ein.<\/p>\n<p><img src=\"https:\/\/www.albinz.net\/tostedt\/images\/tost_bunt.gif\" alt=\"Tostedt ist bunt\" title=\"Tostedt ist bunt\" \/><\/p>\n<p>Die Demonstration ist als eine friedliche, von b\u00fcrgerlichen Gruppen initiierte Kundgebung ausgerufen. Leider ist damit zu rechnen, dass auch linke, so genannte Antifa-Gruppen den Weg nach Tostedt finden werden (gestern Abend lie\u00dfen sich Aufrufe solcher Gruppen, nach Tostedt zu kommen, nicht ausmachen). Ich hoffe, dass die Veranstalter dieser Demonstration auf jeden Fall darauf eingestellt sind. Jeder, der will, ist willkommen, friedlich an dieser Demo teilzunehmen. Wer allerdings meint, gewaltt\u00e4tig seinen Standpunkt verk\u00fcnden zu m\u00fcssen, sollte seiner eigenen Wege gehen und sich von dieser Demonstration fernhalten.<\/p>\n","protected":false},"excerpt":{"rendered":"<p>Hiermit m\u00f6chte ich noch einmal alle B\u00fcrger in Tostedt und Umgebung im Landkreis Harburg zur friedvollen Demonstration am 4. Februar: Tostedt gegen Rechts aufrufen, die von allen im Rat der Gemeinde Tostedt und im Samtgemeinderat vertretenen Fraktionen sowie von Kirchengemeinden, Vereinen und Verb\u00e4nden unterst\u00fctzt wird. Es ist an der Zeit zu zeigen, dass Tostedt keine &hellip; <a href=\"https:\/\/willizblog.de\/?p=5523\" class=\"more-link\"><span class=\"screen-reader-text\">Tostedter B\u00fcrger demonstrieren gegen rechte Gewalt<\/span> weiterlesen <span class=\"meta-nav\">&rarr;<\/span><\/a><\/p>\n","protected":false},"author":1,"featured_media":0,"comment_status":"open","ping_status":"open","sticky":false,"template":"","format":"standard","meta":[],"categories":[11],"tags":[],"_links":{"self":[{"href":"https:\/\/willizblog.de\/index.php?rest_route=\/wp\/v2\/posts\/5523"}],"collection":[{"href":"https:\/\/willizblog.de\/index.php?rest_route=\/wp\/v2\/posts"}],"about":[{"href":"https:\/\/willizblog.de\/index.php?rest_route=\/wp\/v2\/types\/post"}],"author":[{"embeddable":true,"href":"https:\/\/willizblog.de\/index.php?rest_route=\/wp\/v2\/users\/1"}],"replies":[{"embeddable":true,"href":"https:\/\/willizblog.de\/index.php?rest_route=%2Fwp%2Fv2%2Fcomments&post=5523"}],"version-history":[{"count":0,"href":"https:\/\/willizblog.de\/index.php?rest_route=\/wp\/v2\/posts\/5523\/revisions"}],"wp:attachment":[{"href":"https:\/\/willizblog.de\/index.php?rest_route=%2Fwp%2Fv2%2Fmedia&parent=5523"}],"wp:term":[{"taxonomy":"category","embeddable":true,"href":"https:\/\/willizblog.de\/index.php?rest_route=%2Fwp%2Fv2%2Fcategories&post=5523"},{"taxonomy":"post_tag","embeddable":true,"href":"https:\/\/willizblog.de\/index.php?rest_route=%2Fwp%2Fv2%2Ftags&post=5523"}],"curies":[{"name":"wp","href":"https:\/\/api.w.org\/{rel}","templated":true}]}}