{"id":5529,"date":"2012-02-05T13:53:19","date_gmt":"2012-02-05T12:53:19","guid":{"rendered":"http:\/\/www.willizblog.de\/?p=5529"},"modified":"2012-02-05T13:53:19","modified_gmt":"2012-02-05T12:53:19","slug":"willi-der-super-maulwurf-und-das-gourmet-fruhstuck","status":"publish","type":"post","link":"https:\/\/willizblog.de\/?p=5529","title":{"rendered":"Willi, der Super-Maulwurf, und das Gourmet-Fr\u00fchst\u00fcck"},"content":{"rendered":"<p>Wie mich meine liebe Familie sieht, habe ich hier bereits \u00f6fter dokumentiert (z.B. in <a href=\"https:\/\/www.willizblog.de\/?p=751\" target=\"_blank\">Murmeltiertag<\/a>). Da zeichnete mich der \u00e4ltere meiner beiden S\u00f6hne als blinden Maulwurf, zun\u00e4chst etwas <a href=\"https:\/\/de.wikipedia.org\/wiki\/Phlegmatiker\" target=\"_blank\">phlegmatisch<\/a>, dann <a href=\"https:\/\/de.wikipedia.org\/wiki\/Sanguiniker\" target=\"_blank\">sanguinisch<\/a> \u2013 das habe ich nun davon, von meinen Kindern. Und jetzt kommt Willi, also ich, als Super-Maulwurf bzw. Super-Willi daher \u2013 immer noch mit der Blindenbrille (eine Sonnenbrille ist das nicht), wenigstens ohne Blindenstock. Trotzdem ein Widerspruch in sich (obwohl man behauptet, die restlichen Sinne von <a href=\"https:\/\/de.wikipedia.org\/wiki\/Blindheit\" target=\"_blank\">erblindeten<\/a> Personen seien viel gesch\u00e4rfter, superscharf also). Diesmal war es der j\u00fcngere der beiden S\u00f6hne, der das zu Papier brachte. Danke, sehr aufschlussreich &#8230;<\/p>\n<p>Solange es nur ein m\u00f6gliches k\u00f6rperliches Gebrechen (eine \u00fcbrigens durch eine Brille hinreichend ausgeglichene Kurzsichtigkeit) kennzeichnen soll und nicht auf geistige Blindheit anspielt, will ich das noch einmal durchgehen lassen.<\/p>\n<p><img src=\"https:\/\/www.willizblog.de\/blogpicts\/lukas_maulwurf_willi_2012.jpg\" alt=\"Willi, der Super-Maulwurf \u00a9 Lukas Albin\" title=\"Willi, der Super-Maulwurf \u00a9 Lukas Albin\" \/><\/p>\n<p>Nun Super-Willi hatte heute <a href=\"https:\/\/www.willizblog.de\/?p=5512\" target=\"_blank\">aus gegebenem Anlass<\/a> (\u00fcbrigens dem gleichen, zu dem ich die Zeichnung von meinem Sohn bekam) zum Brunch resp. Gourmet-Fr\u00fchst\u00fcck eingeladen. Jetzt Anfang Februar l\u00e4uft in der hiesigen Gastronomie noch nicht viel hinsichtlich dieser Kombination Breakfast\/Lunch \u2013 immerhin gibt es da aber den <a href=\"http:\/\/www.hof-quellen.de\/\" target=\"_blank\">Hof Quellen<\/a> mit Gastronomie und Caf\u00e9 (<a href=\"http:\/\/www.biohof-quellen.de\/\" target=\"_blank\">Biologische Landwirtschaft \/ Direktvermarktung<\/a> sind angeschlossen) mit dem <a href=\"http:\/\/www.hof-quellen.de\/cafe-hof-quellen-wistedt\/\" target=\"_blank\">Cafe Hof Quellen Wistedt<\/a> etwas au\u00dferhalb von Tostedt und dem <a href=\"http:\/\/www.hof-quellen.de\/cafe-rothschilds-tostedt\/\" target=\"_blank\">Cafe Rothschilds Tostedt<\/a> (Caf\u00e9, Bistro &#038; Feinkost). Wir haben uns f\u00fcr das \u201aKerngesch\u00e4ft\u2019 in Wistedt entschieden. In kleiner, gem\u00fctlicher Runde g\u00f6nnten wir uns \u201eein reichhaltiges Gourmet Fr\u00fchst\u00fcck mit vielen hausgefertigten K\u00f6stlichkeiten\u201c.<\/p>\n<p>Das Fr\u00fchst\u00fcck kostet 9 \u20ac 50 (Getr\u00e4nke extra) und ist wirklich zu empfehlen. Vieles stammt dabei aus eigener Herstellung, beginnend bei leckeren Marmeladen \u00fcber Wurst\/Schinken und Antipasti bis hin zu einer leckeren Lachs-Tarte (die Speisen k\u00f6nnen nat\u00fcrlich variieren). Weiter gab es diverse K\u00e4se, R\u00fchreier, Frikadellen und Br\u00e4tlinge und als Nachtisch einen leckeren Schlemmerquark mit Fr\u00fcchten &#8230; und &#8230; und &#8230; und &#8230;. Also auch Vegetarier kommen nicht zu kurz. Wir haben es uns schmecken lassen. Zur\u00fcck bin ich dann bei Eisesk\u00e4lte mit meiner Frau zu Fu\u00df nach Hause gegangen. Sich einmal so richtig ausl\u00fcften zu lassen, tut nach einem so ausgiebigen Mahl wirklich gut.<\/p>\n","protected":false},"excerpt":{"rendered":"<p>Wie mich meine liebe Familie sieht, habe ich hier bereits \u00f6fter dokumentiert (z.B. in Murmeltiertag). Da zeichnete mich der \u00e4ltere meiner beiden S\u00f6hne als blinden Maulwurf, zun\u00e4chst etwas phlegmatisch, dann sanguinisch \u2013 das habe ich nun davon, von meinen Kindern. Und jetzt kommt Willi, also ich, als Super-Maulwurf bzw. Super-Willi daher \u2013 immer noch mit &hellip; <a href=\"https:\/\/willizblog.de\/?p=5529\" class=\"more-link\"><span class=\"screen-reader-text\">Willi, der Super-Maulwurf, und das Gourmet-Fr\u00fchst\u00fcck<\/span> weiterlesen <span class=\"meta-nav\">&rarr;<\/span><\/a><\/p>\n","protected":false},"author":1,"featured_media":0,"comment_status":"open","ping_status":"open","sticky":false,"template":"","format":"standard","meta":[],"categories":[66,11],"tags":[],"_links":{"self":[{"href":"https:\/\/willizblog.de\/index.php?rest_route=\/wp\/v2\/posts\/5529"}],"collection":[{"href":"https:\/\/willizblog.de\/index.php?rest_route=\/wp\/v2\/posts"}],"about":[{"href":"https:\/\/willizblog.de\/index.php?rest_route=\/wp\/v2\/types\/post"}],"author":[{"embeddable":true,"href":"https:\/\/willizblog.de\/index.php?rest_route=\/wp\/v2\/users\/1"}],"replies":[{"embeddable":true,"href":"https:\/\/willizblog.de\/index.php?rest_route=%2Fwp%2Fv2%2Fcomments&post=5529"}],"version-history":[{"count":0,"href":"https:\/\/willizblog.de\/index.php?rest_route=\/wp\/v2\/posts\/5529\/revisions"}],"wp:attachment":[{"href":"https:\/\/willizblog.de\/index.php?rest_route=%2Fwp%2Fv2%2Fmedia&parent=5529"}],"wp:term":[{"taxonomy":"category","embeddable":true,"href":"https:\/\/willizblog.de\/index.php?rest_route=%2Fwp%2Fv2%2Fcategories&post=5529"},{"taxonomy":"post_tag","embeddable":true,"href":"https:\/\/willizblog.de\/index.php?rest_route=%2Fwp%2Fv2%2Ftags&post=5529"}],"curies":[{"name":"wp","href":"https:\/\/api.w.org\/{rel}","templated":true}]}}