{"id":5532,"date":"2012-02-06T09:59:53","date_gmt":"2012-02-06T08:59:53","guid":{"rendered":"http:\/\/www.willizblog.de\/?p=5532"},"modified":"2012-02-06T10:10:29","modified_gmt":"2012-02-06T09:10:29","slug":"tostedt-wehrt-sich-gegen-neonazis","status":"publish","type":"post","link":"https:\/\/willizblog.de\/?p=5532","title":{"rendered":"Tostedt wehrt sich gegen Neonazis"},"content":{"rendered":"<p>Wenn man den <a href=\"http:\/\/www.welt.de\/print\/die_welt\/hamburg\/article13852389\/1000-Demonstranten-gegen-rechts.html\" target=\"_blank\">Medien<\/a> glauben darf, dann haben am vergangenen Samstag \u00fcber 1000 B\u00fcrger bei Eisesk\u00e4lte <a href=\"http:\/\/www.ndr.de\/regional\/niedersachsen\/heide\/neonazi133.html\" target=\"_blank\">in Tostedt<\/a> im Landkreis Harburg gegen Rechtsextremismus demonstriert. Die Kundgebung verlief absolut friedlich. &#8222;Es waren weder Anh\u00e4nger der extremen linken Szene, noch der extremen rechten Szene angereist&#8220;, sagte der Polizeisprecher.<\/p>\n<p>Ausl\u00f6sendes Moment f\u00fcr diese Demonstration war die Aufhebung eines Urteils gegen den Inhaber eines Neonaziladens im Tostedter Ortsteil Todtgl\u00fcsingen (<a href=\"https:\/\/www.willizblog.de\/?p=5464\" target=\"_blank\">Armutszeugnis f\u00fcr den Rechtsstaat?<\/a>). Aufgerufen zu dieser Kundgebung hatten alle im Rat der Gemeinde Tostedt und im Samtgemeinderat vertretenen Fraktionen sowie die Kirchengemeinden, Vereine und diverse Verb\u00e4nde. <\/p>\n<p><img src=\"https:\/\/www.willizblog.de\/blogpicts\/tostedt_gegen_rechts_ndr.jpg\" alt=\"Tostedt wehrt sich gegen Neonazis \u00a9 NDR\" title=\"Tostedt wehrt sich gegen Neonazis \u00a9 NDR\" \/><\/p>\n<p>Tostedt hatte schon immer ein Problem mit vereinzelten Gruppen von Neonazis. So wurde 1998 eine B\u00fcrgerbewegung Tostedt gegen Rechts gegr\u00fcndet, das <a href=\"http:\/\/www.tostedt-gegen-rechts.de\/\" target=\"_blank\">Forum f\u00fcr Zivilcourage<\/a>, um aufzuzeigen, dass Tostedt keine braune Hochburg ist, dass hier jede Art von menschenverachtender Politik kein Zuhause in der breiten Bev\u00f6lkerung hat und das man nicht gewillt ist, die <a href=\"http:\/\/www.ndr.de\/regional\/niedersachsen\/nazis127.html\" target=\"_blank\">allt\u00e4gliche Nazigewalt<\/a> hinzunehmen.<\/p>\n<p><iframe loading=\"lazy\" width=\"560\" height=\"315\" src=\"https:\/\/www.youtube.com\/embed\/-TP_KU7JymA\" frameborder=\"0\" allowfullscreen><\/iframe><br \/>\nTostedter B\u00fcrger demonstrieren gegen Rechts <\/p>\n<table border=\"0\" cellpadding=\"4\" cellspacing=\"0\" width=\"100%\">\n<tr>\n<td width=\"100%\"><font face=\"Lucida Grande, Lucida Sans Unicode, Verdana, sans-serif\" size=\"1\"> Noch einige Worte zu der unqualifizierten, ja geradezu dummen \u00c4u\u00dferung der \u00e4lteren Frau in der kurzen TV-Reportage: In Tostedt hat nicht jedes dritte Haus eine deutsche Fahne im Garten. Und selbst wenn, dann sollte man bedenken, dass die <a href=\"https:\/\/de.wikipedia.org\/wiki\/Schwarz-Rot-Gold\" target=\"_blank\">schwarz-rot-goldene<\/a> Fahne ein Symbol f\u00fcr Freiheit und Demokratie ist. Nazis benutzen andere Fahnen und Symbole. Und latent fremdenfeindliche Spr\u00fcche werden in Tostedt auch nicht mehr geklopft als anderswo.<\/font><\/td>\n<\/tr>\n<\/table>\n<p>Nat\u00fcrlich gen\u00fcgt es nicht, gegen die Gewalt von Extremisten, ob von rechts oder von links, auf die Stra\u00dfe zu gehen. Eine <a href=\"https:\/\/www.willizblog.de\/?p=3117\" target=\"_blank\">Unterschriftensammlung von Jugendlichen<\/a> mit der Forderung, den genannten Laden, der als Anlaufpunkt f\u00fcr die rechte Szene dient, zu schlie\u00dfen, hat in der Folge zu einer Resolution des Samtgemeinderats und indirekt auch zur Gr\u00fcndung des <a href=\"http:\/\/www.gruene-tostedt.de\/?page_id=405\" target=\"_blank\">Tostedter Pr\u00e4ventionsrats<\/a> im September 2010 gef\u00fchrt. Ich wei\u00df, dass Schulen, Kirchen (z.B. <a href=\"https:\/\/www.willizblog.de\/?p=5105\" target=\"_blank\">Woche gegen Gewalt \u2013 Bandabend Tostedt 2011<\/a> und Ver\u00f6ffentlichung <a href=\"https:\/\/www.willizblog.de\/?p=5116\" target=\"_blank\">Kugelkreuz \u2013 eine Ver\u00e4nderungs-CD<\/a>) und Sportvereine (z.B. zur <a href=\"http:\/\/www.todtgluesinger-sv.de\/index.php?sub=integration\">Integration von Zuwanderern<\/a>) vieles unternehmen, um der Gewalt und Fremdenfeindlichkeit vorzubeugen. Aber eigentlich ist jeder Einzelne aufgefordert, seinen Beitrag f\u00fcr eine friedliche, tolerante und weltoffene Gesellschaft zu leisten.<\/p>\n","protected":false},"excerpt":{"rendered":"<p>Wenn man den Medien glauben darf, dann haben am vergangenen Samstag \u00fcber 1000 B\u00fcrger bei Eisesk\u00e4lte in Tostedt im Landkreis Harburg gegen Rechtsextremismus demonstriert. Die Kundgebung verlief absolut friedlich. &#8222;Es waren weder Anh\u00e4nger der extremen linken Szene, noch der extremen rechten Szene angereist&#8220;, sagte der Polizeisprecher. Ausl\u00f6sendes Moment f\u00fcr diese Demonstration war die Aufhebung eines &hellip; <a href=\"https:\/\/willizblog.de\/?p=5532\" class=\"more-link\"><span class=\"screen-reader-text\">Tostedt wehrt sich gegen Neonazis<\/span> weiterlesen <span class=\"meta-nav\">&rarr;<\/span><\/a><\/p>\n","protected":false},"author":1,"featured_media":0,"comment_status":"open","ping_status":"open","sticky":false,"template":"","format":"standard","meta":[],"categories":[11],"tags":[],"_links":{"self":[{"href":"https:\/\/willizblog.de\/index.php?rest_route=\/wp\/v2\/posts\/5532"}],"collection":[{"href":"https:\/\/willizblog.de\/index.php?rest_route=\/wp\/v2\/posts"}],"about":[{"href":"https:\/\/willizblog.de\/index.php?rest_route=\/wp\/v2\/types\/post"}],"author":[{"embeddable":true,"href":"https:\/\/willizblog.de\/index.php?rest_route=\/wp\/v2\/users\/1"}],"replies":[{"embeddable":true,"href":"https:\/\/willizblog.de\/index.php?rest_route=%2Fwp%2Fv2%2Fcomments&post=5532"}],"version-history":[{"count":0,"href":"https:\/\/willizblog.de\/index.php?rest_route=\/wp\/v2\/posts\/5532\/revisions"}],"wp:attachment":[{"href":"https:\/\/willizblog.de\/index.php?rest_route=%2Fwp%2Fv2%2Fmedia&parent=5532"}],"wp:term":[{"taxonomy":"category","embeddable":true,"href":"https:\/\/willizblog.de\/index.php?rest_route=%2Fwp%2Fv2%2Fcategories&post=5532"},{"taxonomy":"post_tag","embeddable":true,"href":"https:\/\/willizblog.de\/index.php?rest_route=%2Fwp%2Fv2%2Ftags&post=5532"}],"curies":[{"name":"wp","href":"https:\/\/api.w.org\/{rel}","templated":true}]}}