{"id":5553,"date":"2012-02-09T09:24:55","date_gmt":"2012-02-09T08:24:55","guid":{"rendered":"http:\/\/www.willizblog.de\/?p=5553"},"modified":"2012-02-21T14:46:09","modified_gmt":"2012-02-21T13:46:09","slug":"zweite-mona-lisa-entdeckt","status":"publish","type":"post","link":"https:\/\/willizblog.de\/?p=5553","title":{"rendered":"Zweite Mona Lisa entdeckt"},"content":{"rendered":"<p>Es ist wohl das bekannteste \u00d6lgem\u00e4lde der Welt: die <a href=\"https:\/\/de.wikipedia.org\/wiki\/Mona_Lisa\" target=\"_blank\">Mona Lisa<\/a> von <a href=\"https:\/\/de.wikipedia.org\/wiki\/Leonardo_da_Vinci\" target=\"_blank\">Leonardo da Vinci<\/a>. Das Gem\u00e4lde h\u00e4ngt heute im <a href=\"https:\/\/de.wikipedia.org\/wiki\/Louvre\" target=\"_blank\">Louvre<\/a> in Paris. Es ist auf d\u00fcnnem Pappelholz gemalt und nur 77 cm \u00d7 53 cm gro\u00df. Ber\u00fchmt wurde das Gem\u00e4lde durch die Abbildung einer geheimnisvoll l\u00e4chelnden Dame. L\u00e4chelt sie nun, diese Mona Lisa, oder l\u00e4chelt sie nicht? Jetzt hat man im <a href=\"https:\/\/de.wikipedia.org\/wiki\/Museo_del_Prado\" target=\"_blank\">Prado-Museum<\/a> in der spanischen Hauptstadt Madrid eine <a href=\"http:\/\/www.google.com\/hostednews\/afp\/article\/ALeqM5iU2MLaD503u3Oqq-XxDzOupKB_pg?docId=CNG.53ae4bfc38cb4f6d78342e7bf4d39ed6.2f1\" target=\"_blank\">zweiten Version<\/a> gefunden.<\/p>\n<table border=\"0\" cellpadding=\"4\" cellspacing=\"0\" width=\"100%\">\n<tr>\n<td width=\"100%\">\n<p align=\"center\"><img loading=\"lazy\" border=\"0\" src=\"https:\/\/www.willizblog.de\/blogpicts\/mona_lisa_eins_und_zwei.jpg\" alt=\"Mona Lisa - alt und neu\" title=\"Mona Lisa - alt und neu\" width=\"512\" height=\"369\"><\/td>\n<\/tr>\n<tr>\n<td width=\"100%\">\n<p align=\"center\"><font face=\"Lucida Grande, Lucida Sans Unicode, Verdana, sans-serif\" size=\"2\">&quot;Neue&quot; Mona Lisa rechts (AFP, Jean-Pierre Muller-Javier Sorian)<\/font><\/td>\n<\/tr>\n<tr>\n<td width=\"100%\">\n<p align=\"center\"><img loading=\"lazy\" border=\"0\" src=\"https:\/\/www.willizblog.de\/blogpicts\/mona_lisa_eins_und_zwei_ausschnitt.jpg\" alt=\"Ausschnitt aus der 'neuen' Mona Lisa (Prado, Madrid)\" title=\"Ausschnitt aus der 'neuen' Mona Lisa (Prado, Madrid)\" width=\"512\" height=\"342\"><\/td>\n<\/tr>\n<\/table>\n<p>Bei diesem zweiten Gem\u00e4lde mussten Experten eine schwarze Hintergrundfarbe entfernten und brachten dadurch eine Naturlandschaft zum Vorschein, wie sie auch die im Pariser Louvre ausgestellte Mona Lisa umrahmt. Nach Expertenmeinung stammt dieses Bild ebenfalls aus der Epoche Leonardo Da Vincis und wurde voraussichtlich von einem seiner Sch\u00fcler gemalt. <\/p>\n<p>Das Bewerkenswerte an dieser 2. Mona Lisa ist ihre deutlich j\u00fcngerer Ausstrahlung. Vielleicht ist das L\u00e4cheln der Mona Lisa auf dem Original geheimnisvoller. Die \u201eneue\u201c Mona Lisa gef\u00e4llt mir aber besser und erinnert mich irgendwie an die Schauspielerin <a href=\"https:\/\/www.willizblog.de\/?p=78\" target=\"_blank\">Alexandra Maria Lara<\/a>.<\/p>\n<p>Ab dem 26. M\u00e4rz soll die Mona Lisa aus dem Prado an der Seite des ebenfalls Anfang des 16. Jahrhunderts entstandenen Originals im Louvre zu sehen sein.<\/p>\n<p><strong>Nachtrag:<\/strong> zdf.de Video: <a href=\"http:\/\/www.zdf.de\/ZDFmediathek\/content\/1573900\" target=\"_blank\">Mona Lisas Zwillingsschwester<\/a><\/p>\n<p>Siehe auch meine Beitr\u00e4ge: <a href=\"https:\/\/www.willizblog.de\/?p=999\" target=\"_blank\">Der gepixelte Jesus<\/a> &#8211; (Fast) unterschlagene Beitr\u00e4ge \u2013 Teil 28 <a href=\"https:\/\/www.willizblog.de\/?p=3928\" target=\"_blank\">(Forscher: Modell f\u00fcr \u201cMona Lisa\u201d war schwuler Mann)<\/a><\/p>\n","protected":false},"excerpt":{"rendered":"<p>Es ist wohl das bekannteste \u00d6lgem\u00e4lde der Welt: die Mona Lisa von Leonardo da Vinci. Das Gem\u00e4lde h\u00e4ngt heute im Louvre in Paris. Es ist auf d\u00fcnnem Pappelholz gemalt und nur 77 cm \u00d7 53 cm gro\u00df. Ber\u00fchmt wurde das Gem\u00e4lde durch die Abbildung einer geheimnisvoll l\u00e4chelnden Dame. L\u00e4chelt sie nun, diese Mona Lisa, oder &hellip; <a href=\"https:\/\/willizblog.de\/?p=5553\" class=\"more-link\"><span class=\"screen-reader-text\">Zweite Mona Lisa entdeckt<\/span> weiterlesen <span class=\"meta-nav\">&rarr;<\/span><\/a><\/p>\n","protected":false},"author":1,"featured_media":0,"comment_status":"open","ping_status":"open","sticky":false,"template":"","format":"standard","meta":[],"categories":[6],"tags":[],"_links":{"self":[{"href":"https:\/\/willizblog.de\/index.php?rest_route=\/wp\/v2\/posts\/5553"}],"collection":[{"href":"https:\/\/willizblog.de\/index.php?rest_route=\/wp\/v2\/posts"}],"about":[{"href":"https:\/\/willizblog.de\/index.php?rest_route=\/wp\/v2\/types\/post"}],"author":[{"embeddable":true,"href":"https:\/\/willizblog.de\/index.php?rest_route=\/wp\/v2\/users\/1"}],"replies":[{"embeddable":true,"href":"https:\/\/willizblog.de\/index.php?rest_route=%2Fwp%2Fv2%2Fcomments&post=5553"}],"version-history":[{"count":0,"href":"https:\/\/willizblog.de\/index.php?rest_route=\/wp\/v2\/posts\/5553\/revisions"}],"wp:attachment":[{"href":"https:\/\/willizblog.de\/index.php?rest_route=%2Fwp%2Fv2%2Fmedia&parent=5553"}],"wp:term":[{"taxonomy":"category","embeddable":true,"href":"https:\/\/willizblog.de\/index.php?rest_route=%2Fwp%2Fv2%2Fcategories&post=5553"},{"taxonomy":"post_tag","embeddable":true,"href":"https:\/\/willizblog.de\/index.php?rest_route=%2Fwp%2Fv2%2Ftags&post=5553"}],"curies":[{"name":"wp","href":"https:\/\/api.w.org\/{rel}","templated":true}]}}