{"id":5563,"date":"2012-02-11T09:49:07","date_gmt":"2012-02-11T08:49:07","guid":{"rendered":"http:\/\/www.willizblog.de\/?p=5563"},"modified":"2012-02-09T12:52:20","modified_gmt":"2012-02-09T11:52:20","slug":"heute-ruhetag-4-der-hungerkunstler","status":"publish","type":"post","link":"https:\/\/willizblog.de\/?p=5563","title":{"rendered":"Heute Ruhetag (4): Der Hungerk\u00fcnstler"},"content":{"rendered":"<p><img src=\"https:\/\/www.willizblog.de\/blogpicts\/ruhetag.jpg\" alt=\"Heute Ruhetag!\" title=\"Heute Ruhetag!\" \/><\/p>\n<p><em>\u00bbImmerfort wollte ich, da\u00df ihr mein Hungern bewundert\u00ab, sagte der Hungerk\u00fcnstler. \u00bbWir bewundern es auch\u00ab, sagte der Aufseher entgegenkommend. \u00bbIhr solltet es aber nicht bewundern\u00ab, sagte der Hungerk\u00fcnstler. \u00bbNun, dann bewundern wir es also nicht\u00ab, sagte der Aufseher, \u00bbwarum sollen wir es denn nicht bewundern?\u00ab \u00bbWeil ich hungern mu\u00df, ich kann nicht anders\u00ab, sagte der Hungerk\u00fcnstler. \u00bbDa sieh mal einer\u00ab, sagte der Aufseher, \u00bbwarum kannst du denn nicht anders?\u00ab \u00bbWeil ich\u00ab, sagte der Hungerk\u00fcnstler, hob das K\u00f6pfchen ein wenig und sprach mit wie zum Ku\u00df gespitzten Lippen gerade in das Ohr des Aufsehers hinein, damit nichts verlorenginge, \u00bbweil ich nicht die Speise finden konnte, die mir schmeckt. H\u00e4tte ich sie gefunden, glaube mir, ich h\u00e4tte kein Aufsehen gemacht und mich vollgegessen wie du und alle.\u00ab<\/em><\/p>\n<p><a href=\"https:\/\/de.wikipedia.org\/wiki\/Franz_Kafka\" target=\"_blank\"><strong>Franz Kafka<\/strong><\/a>: aus <a href=\"http:\/\/gutenberg.spiegel.de\/buch\/161\/7\" target=\"_blank\">Der Hungerk\u00fcnstler<\/a><\/p>\n","protected":false},"excerpt":{"rendered":"<p>\u00bbImmerfort wollte ich, da\u00df ihr mein Hungern bewundert\u00ab, sagte der Hungerk\u00fcnstler. \u00bbWir bewundern es auch\u00ab, sagte der Aufseher entgegenkommend. \u00bbIhr solltet es aber nicht bewundern\u00ab, sagte der Hungerk\u00fcnstler. \u00bbNun, dann bewundern wir es also nicht\u00ab, sagte der Aufseher, \u00bbwarum sollen wir es denn nicht bewundern?\u00ab \u00bbWeil ich hungern mu\u00df, ich kann nicht anders\u00ab, sagte der &hellip; <a href=\"https:\/\/willizblog.de\/?p=5563\" class=\"more-link\"><span class=\"screen-reader-text\">Heute Ruhetag (4): Der Hungerk\u00fcnstler<\/span> weiterlesen <span class=\"meta-nav\">&rarr;<\/span><\/a><\/p>\n","protected":false},"author":1,"featured_media":0,"comment_status":"open","ping_status":"open","sticky":false,"template":"","format":"standard","meta":[],"categories":[14],"tags":[],"_links":{"self":[{"href":"https:\/\/willizblog.de\/index.php?rest_route=\/wp\/v2\/posts\/5563"}],"collection":[{"href":"https:\/\/willizblog.de\/index.php?rest_route=\/wp\/v2\/posts"}],"about":[{"href":"https:\/\/willizblog.de\/index.php?rest_route=\/wp\/v2\/types\/post"}],"author":[{"embeddable":true,"href":"https:\/\/willizblog.de\/index.php?rest_route=\/wp\/v2\/users\/1"}],"replies":[{"embeddable":true,"href":"https:\/\/willizblog.de\/index.php?rest_route=%2Fwp%2Fv2%2Fcomments&post=5563"}],"version-history":[{"count":0,"href":"https:\/\/willizblog.de\/index.php?rest_route=\/wp\/v2\/posts\/5563\/revisions"}],"wp:attachment":[{"href":"https:\/\/willizblog.de\/index.php?rest_route=%2Fwp%2Fv2%2Fmedia&parent=5563"}],"wp:term":[{"taxonomy":"category","embeddable":true,"href":"https:\/\/willizblog.de\/index.php?rest_route=%2Fwp%2Fv2%2Fcategories&post=5563"},{"taxonomy":"post_tag","embeddable":true,"href":"https:\/\/willizblog.de\/index.php?rest_route=%2Fwp%2Fv2%2Ftags&post=5563"}],"curies":[{"name":"wp","href":"https:\/\/api.w.org\/{rel}","templated":true}]}}