{"id":557,"date":"2006-07-29T09:06:06","date_gmt":"2006-07-29T07:06:06","guid":{"rendered":"http:\/\/www.albinz.de\/blog\/?p=557"},"modified":"2006-07-30T15:13:10","modified_gmt":"2006-07-30T13:13:10","slug":"fluch-der-karibik-teil-2-renaissance-des-piratenfilms","status":"publish","type":"post","link":"https:\/\/willizblog.de\/?p=557","title":{"rendered":"Fluch der Karibik Teil 2 &#8211; Renaissance des Piratenfilms?"},"content":{"rendered":"<p>Ich muss etwa sechs Jahre alt gewesen sein, als ich bei Bekannten den Film <em>&#8218;Herr der sieben Meere&#8216;<\/em> von Michael Curtiz mit Errol Flynn in der Hauptrolle im Fernsehen sah; wir hatten zu Hause noch keinen Fernseher. Wie gebannt sah ich den Film in schwarz-wei\u00df und lie\u00df mich auch nicht durch die Gespr\u00e4che der Erwachsenen ablenken.<\/p>\n<p>In den letzten Jahren galt der Piratenfilm als mega-out und erlebte erst mit Johnny Depp als Captain Jack Sparrow in &#8222;Fluch der Karibik&#8220; vor drei Jahren eine Wiedergeburt. Seit Donnerstag nun l\u00e4uft in deutschen Kinos <a href=\"http:\/\/www.disney.de\/DisneyKinofilme\/pirates\/\" target=\"_blank\">der zweite Teil<\/a> &#8211; und im n\u00e4chsten Jahr soll der dritte Teil folgen, denn soviel sei bereits jetzt gesagt: Der zweite Teil endet gewisserma\u00dfen mittendrin, <em>Open End<\/em> nennt man das wohl.<\/p>\n<p><img src=\"https:\/\/www.albinz.net\/images\/fluch_der_karibik_2_1.jpg\" alt=\"Captain Jack Sparrow als fliegender Schaschlikspie\u00df\" \/><\/p>\n<p>Der Erfolg des Films ist vorprogrammiert. Woran mag das liegen? Johnny Depp als ziemlich tuntiger Piratenkapit\u00e4n allein kann es nicht sein. Es ist sicherlich das Mix verschiedener Genres, denn ein reiner Piratenfilm ist das nicht. Es flie\u00dft viel <em>Phantasy<\/em> hinein und sicherlich die Prise Humor, die alles wohlschmeckend w\u00fcrzt. Witzig ist bestimmt Captain Jack, wie er als Schaschlikspie\u00df durch die Gegend fliegt. Und spannend sowie tricktechnisch besonders die Szenen mit der Krake, die gleich mehrere Schiffe platt macht.<\/p>\n<p><img src=\"https:\/\/www.albinz.net\/images\/fluch_der_karibik_2_2.jpg\" alt=\"Krake macht ein Schiff 'platt'\" \/><\/p>\n<p>Passend zur Ferienzeit ein Film f\u00fcr die ganze Familie. Und trotz (oder wegen) der zweieinhalb Stunden Spielzeit sehr kurzweilig. Eben echtes Popcorn-Kino &#8211; ohne gr\u00f6\u00dfere Anspr\u00fcche.<\/p>\n","protected":false},"excerpt":{"rendered":"<p>Ich muss etwa sechs Jahre alt gewesen sein, als ich bei Bekannten den Film &#8218;Herr der sieben Meere&#8216; von Michael Curtiz mit Errol Flynn in der Hauptrolle im Fernsehen sah; wir hatten zu Hause noch keinen Fernseher. Wie gebannt sah ich den Film in schwarz-wei\u00df und lie\u00df mich auch nicht durch die Gespr\u00e4che der Erwachsenen &hellip; <a href=\"https:\/\/willizblog.de\/?p=557\" class=\"more-link\"><span class=\"screen-reader-text\">Fluch der Karibik Teil 2 &#8211; Renaissance des Piratenfilms?<\/span> weiterlesen <span class=\"meta-nav\">&rarr;<\/span><\/a><\/p>\n","protected":false},"author":1,"featured_media":0,"comment_status":"closed","ping_status":"closed","sticky":false,"template":"","format":"standard","meta":[],"categories":[13],"tags":[],"_links":{"self":[{"href":"https:\/\/willizblog.de\/index.php?rest_route=\/wp\/v2\/posts\/557"}],"collection":[{"href":"https:\/\/willizblog.de\/index.php?rest_route=\/wp\/v2\/posts"}],"about":[{"href":"https:\/\/willizblog.de\/index.php?rest_route=\/wp\/v2\/types\/post"}],"author":[{"embeddable":true,"href":"https:\/\/willizblog.de\/index.php?rest_route=\/wp\/v2\/users\/1"}],"replies":[{"embeddable":true,"href":"https:\/\/willizblog.de\/index.php?rest_route=%2Fwp%2Fv2%2Fcomments&post=557"}],"version-history":[{"count":0,"href":"https:\/\/willizblog.de\/index.php?rest_route=\/wp\/v2\/posts\/557\/revisions"}],"wp:attachment":[{"href":"https:\/\/willizblog.de\/index.php?rest_route=%2Fwp%2Fv2%2Fmedia&parent=557"}],"wp:term":[{"taxonomy":"category","embeddable":true,"href":"https:\/\/willizblog.de\/index.php?rest_route=%2Fwp%2Fv2%2Fcategories&post=557"},{"taxonomy":"post_tag","embeddable":true,"href":"https:\/\/willizblog.de\/index.php?rest_route=%2Fwp%2Fv2%2Ftags&post=557"}],"curies":[{"name":"wp","href":"https:\/\/api.w.org\/{rel}","templated":true}]}}