{"id":5576,"date":"2012-02-15T09:22:38","date_gmt":"2012-02-15T08:22:38","guid":{"rendered":"http:\/\/www.willizblog.de\/?p=5576"},"modified":"2012-02-13T12:52:02","modified_gmt":"2012-02-13T11:52:02","slug":"willi-der-maulwurf","status":"publish","type":"post","link":"https:\/\/willizblog.de\/?p=5576","title":{"rendered":"Willi, der Maulwurf"},"content":{"rendered":"<p>Mit Murmeltieren kann ich mich ja noch anfreunden, immerhin f\u00e4llt mein Geburtstag auf den <a href=\"https:\/\/www.willizblog.de\/?p=5512\" target=\"_blank\">Murmeltiertag<\/a>. Aber mit blinden Maulw\u00fcrfen? Und dann soll ich noch einer dieser Maulw\u00fcrfe sein, wenn in einer Zeichnung meines j\u00fcngeren Sohnes auch als <a href=\"https:\/\/www.willizblog.de\/?p=5529\" target=\"_blank\">Willi, der Super-Maulwurf<\/a>, dargestellt. Dem aber nicht genug bekam ich (nachtr\u00e4glich) von dem \u00e4lteren meiner beiden S\u00f6hne etwas Neues aus seiner Stofftiern\u00e4hstube, nachdem er mich bereits in fr\u00fcheren Jahren <a href=\"https:\/\/www.willizblog.de\/?p=751\" target=\"_blank\">zeichnerisch karikiert<\/a> hatte:<\/p>\n<ul><img src=\"https:\/\/www.willizblog.de\/blogpicts\/jan_willi_maulwurf_2012.jpg\" alt=\"Willi, der Maulwurf \u00a9 Jan Einar Albin\" title=\"Willi, der Maulwurf \u00a9 Jan Einar Albin\" \/><\/ul>\n<p>Noch fehlt diesem Maulwurf ein wichtiges Requisit, die gelbe Blindenbinde mit den drei schwarzen Punkten. Mein Sohn wird sie mir noch nachliefern. Daher habe ich notd\u00fcrftig (welches Wort) eine entsprechende Armbinde der Abbildung \u201aeingef\u00fcgt\u2019.<\/p>\n<p>Nun es ist ja nicht das erste Werk aus meines Sohnes Stofftiern\u00e4hstube. Bereits eine seiner Freundinnen (<a href=\"https:\/\/www.willizblog.de\/?p=5121\" target=\"_blank\">fieser Fuchs<\/a>) und seine Mutter (<a href=\"https:\/\/www.willizblog.de\/?p=5345\" target=\"_blank\">Zombieb\u00e4r<\/a>) wurden mit selbstgen\u00e4hten Tierchen begl\u00fcckt. Die Kreativit\u00e4t kennt also keine Grenzen.<\/p>\n<p>\u00dcbrigens ist mein Sohn am Wochenende wieder bei uns in Tostedt. Er nimmt an einem weiteren N\u00e4hkurs teil. Zuletzt hat er sich eine Hose gen\u00e4ht, f\u00fcr die er jetzt noch Knopfl\u00f6cher fertigen will. Auch das muss erst einmal gelernt sein.<\/p>\n","protected":false},"excerpt":{"rendered":"<p>Mit Murmeltieren kann ich mich ja noch anfreunden, immerhin f\u00e4llt mein Geburtstag auf den Murmeltiertag. Aber mit blinden Maulw\u00fcrfen? Und dann soll ich noch einer dieser Maulw\u00fcrfe sein, wenn in einer Zeichnung meines j\u00fcngeren Sohnes auch als Willi, der Super-Maulwurf, dargestellt. Dem aber nicht genug bekam ich (nachtr\u00e4glich) von dem \u00e4lteren meiner beiden S\u00f6hne etwas &hellip; <a href=\"https:\/\/willizblog.de\/?p=5576\" class=\"more-link\"><span class=\"screen-reader-text\">Willi, der Maulwurf<\/span> weiterlesen <span class=\"meta-nav\">&rarr;<\/span><\/a><\/p>\n","protected":false},"author":1,"featured_media":0,"comment_status":"open","ping_status":"open","sticky":false,"template":"","format":"standard","meta":[],"categories":[37],"tags":[],"_links":{"self":[{"href":"https:\/\/willizblog.de\/index.php?rest_route=\/wp\/v2\/posts\/5576"}],"collection":[{"href":"https:\/\/willizblog.de\/index.php?rest_route=\/wp\/v2\/posts"}],"about":[{"href":"https:\/\/willizblog.de\/index.php?rest_route=\/wp\/v2\/types\/post"}],"author":[{"embeddable":true,"href":"https:\/\/willizblog.de\/index.php?rest_route=\/wp\/v2\/users\/1"}],"replies":[{"embeddable":true,"href":"https:\/\/willizblog.de\/index.php?rest_route=%2Fwp%2Fv2%2Fcomments&post=5576"}],"version-history":[{"count":0,"href":"https:\/\/willizblog.de\/index.php?rest_route=\/wp\/v2\/posts\/5576\/revisions"}],"wp:attachment":[{"href":"https:\/\/willizblog.de\/index.php?rest_route=%2Fwp%2Fv2%2Fmedia&parent=5576"}],"wp:term":[{"taxonomy":"category","embeddable":true,"href":"https:\/\/willizblog.de\/index.php?rest_route=%2Fwp%2Fv2%2Fcategories&post=5576"},{"taxonomy":"post_tag","embeddable":true,"href":"https:\/\/willizblog.de\/index.php?rest_route=%2Fwp%2Fv2%2Ftags&post=5576"}],"curies":[{"name":"wp","href":"https:\/\/api.w.org\/{rel}","templated":true}]}}