{"id":558,"date":"2006-07-30T15:19:23","date_gmt":"2006-07-30T13:19:23","guid":{"rendered":"http:\/\/www.albinz.de\/blog\/?p=558"},"modified":"2006-07-30T15:19:23","modified_gmt":"2006-07-30T13:19:23","slug":"insel-fehmarn","status":"publish","type":"post","link":"https:\/\/willizblog.de\/?p=558","title":{"rendered":"Insel Fehmarn"},"content":{"rendered":"<p>Noch habe ich eine ganze lange Arbeitswoche vor mir. Aber dann darf Arbeit f\u00fcr gute drei Wochen Arbeit bleiben und Urlaub ist angesagt. Vor einem Jahr waren wir um diese Zeit bereits in <a href=\"https:\/\/www.willizblog.de\/?cat=25\">Schottland<\/a> unterwegs. In diesem Jahr bleiben wir in norddeutschen Landen und haben u.a. eine Radtour von <a href=\"https:\/\/www.willizblog.de\/?cat=11\">unserem Wohnort<\/a> aus nach Fehmarn geplant und soweit vorbereitet, dass es \u00fcber Lauenburg an der Elbe, L\u00fcbeck und Oldenburg\/Holstein in den Norden von <a href=\"http:\/\/www.fehmarn-info.de\/\" target=\"_blank\"><strong>Fehmarn<\/strong><\/a> geht.<\/p>\n<p><a href=\"http:\/\/www.pension-seestern.de\/Panorama.htm\" target=\"_blank\"><img loading=\"lazy\" border=\"0\" src=\"https:\/\/www.albinz.net\/images\/fehmarn.jpg\" alt=\"Fehmarn: Panoramablick Westermarkelsdorf\" width=\"480\" height=\"96\"><\/a><\/p>\n<p>In dem kleinen Ort Westermarkelsdorf gleich hinter dem Deich haben wir f\u00fcr einige Tage eine Ferienwohnung angemietet, um von hieraus die Insel zu erkunden. Wir hatten etwas Gl\u00fcck mit der Unterkunft, denn kurzfristig f\u00fcr mehrere Leute ein Quartier zu finden ist eigentlich aussichtslos. Die Insel ist fast vollst\u00e4ndig ausgebucht. Um so sch\u00f6ner f\u00fcr uns, dass der Ort etwas ausserhalb der Touristenzentren liegt.<\/p>\n","protected":false},"excerpt":{"rendered":"<p>Noch habe ich eine ganze lange Arbeitswoche vor mir. Aber dann darf Arbeit f\u00fcr gute drei Wochen Arbeit bleiben und Urlaub ist angesagt. Vor einem Jahr waren wir um diese Zeit bereits in Schottland unterwegs. In diesem Jahr bleiben wir in norddeutschen Landen und haben u.a. eine Radtour von unserem Wohnort aus nach Fehmarn geplant &hellip; <a href=\"https:\/\/willizblog.de\/?p=558\" class=\"more-link\"><span class=\"screen-reader-text\">Insel Fehmarn<\/span> weiterlesen <span class=\"meta-nav\">&rarr;<\/span><\/a><\/p>\n","protected":false},"author":1,"featured_media":0,"comment_status":"closed","ping_status":"closed","sticky":false,"template":"","format":"standard","meta":[],"categories":[10],"tags":[],"_links":{"self":[{"href":"https:\/\/willizblog.de\/index.php?rest_route=\/wp\/v2\/posts\/558"}],"collection":[{"href":"https:\/\/willizblog.de\/index.php?rest_route=\/wp\/v2\/posts"}],"about":[{"href":"https:\/\/willizblog.de\/index.php?rest_route=\/wp\/v2\/types\/post"}],"author":[{"embeddable":true,"href":"https:\/\/willizblog.de\/index.php?rest_route=\/wp\/v2\/users\/1"}],"replies":[{"embeddable":true,"href":"https:\/\/willizblog.de\/index.php?rest_route=%2Fwp%2Fv2%2Fcomments&post=558"}],"version-history":[{"count":0,"href":"https:\/\/willizblog.de\/index.php?rest_route=\/wp\/v2\/posts\/558\/revisions"}],"wp:attachment":[{"href":"https:\/\/willizblog.de\/index.php?rest_route=%2Fwp%2Fv2%2Fmedia&parent=558"}],"wp:term":[{"taxonomy":"category","embeddable":true,"href":"https:\/\/willizblog.de\/index.php?rest_route=%2Fwp%2Fv2%2Fcategories&post=558"},{"taxonomy":"post_tag","embeddable":true,"href":"https:\/\/willizblog.de\/index.php?rest_route=%2Fwp%2Fv2%2Ftags&post=558"}],"curies":[{"name":"wp","href":"https:\/\/api.w.org\/{rel}","templated":true}]}}