{"id":5580,"date":"2012-02-14T00:45:07","date_gmt":"2012-02-13T23:45:07","guid":{"rendered":"http:\/\/www.willizblog.de\/?p=5580"},"modified":"2012-02-14T06:49:12","modified_gmt":"2012-02-14T05:49:12","slug":"whitney-houston-gestorben","status":"publish","type":"post","link":"https:\/\/willizblog.de\/?p=5580","title":{"rendered":"Whitney Houston gestorben"},"content":{"rendered":"<p>Man soll nicht schlecht \u00fcber Verstorbene sprechen resp. schreiben. Es ist schon einige Zeit her, da las ich einen Artikel mit der \u00dcberschrift <a href=\"http:\/\/www.schwaebische.de\/journal\/vermischtes_artikel,-Whitney-Houston-kann-nicht-ohne-Buehne-_arid,4106965.html\" target=\"_blank\">Whitney Houston kann nicht ohne B\u00fchne<\/a>:<\/p>\n<p><em>\u201eSie kann es nicht mehr wirklich auf der B\u00fchne &#8211; aber noch weniger kann sie ohne. Das habe <a href=\"https:\/\/de.wikipedia.org\/wiki\/Whitney_Houston\" target=\"_blank\">Whitney Houston<\/a> mit vielen Promis gemeinsam, wie <a href=\"https:\/\/de.wikipedia.org\/wiki\/Borwin_Bandelow\" target=\"_blank\">Borwin Bandelow<\/a>, Professor f\u00fcr Psychiatrie und Psychotherapie an der Universit\u00e4t G\u00f6ttingen, sagt. Viele Stars treibe <a href=\"https:\/\/de.wikipedia.org\/wiki\/Borderline-Pers%C3%B6nlichkeitsst%C3%B6rung\" target=\"_blank\">Narzissmus, gepaart mit mangelnder Selbstkritik<\/a> an. Bei Marilyn Monroe, Elvis Presley und Michael Jackson sei es genauso gewesen, sagt der Autor des Buchs <a href=\"https:\/\/www.amazon.de\/gp\/product\/3499622750\/ref=as_li_tf_tl?ie=UTF8&#038;tag=familiealbin-21&#038;linkCode=as2&#038;camp=1638&#038;creative=6742&#038;creativeASIN=3499622750\" target=\"_blank\">Celebrities: Vom schwierigen Gl\u00fcck, ber\u00fchmt zu sein<\/a><img loading=\"lazy\" src=\"https:\/\/www.assoc-amazon.de\/e\/ir?t=familiealbin-21&#038;l=as2&#038;o=3&#038;a=3499622750\" width=\"1\" height=\"1\" border=\"0\" alt=\"\" style=\"border:none !important; margin:0px !important;\" \/>. Allerdings: \u201aWer selbst Probleme hat, kann Gef\u00fchle authentischer r\u00fcberbringen.\u2019\u201c<\/em><\/p>\n<p>Mich interessierte damals weniger Whitney Houston, daf\u00fcr mehr das Problem als solches. Hintergrund war eine Diskussion zu Ian Anderson, der ebenfalls nicht ohne B\u00fchne auszukommen scheint. Jetzt ist <a href=\"http:\/\/www.zdf.de\/ZDFmediathek\/content\/1567174\" target=\"_blank\">Whitney Houston<\/a> im Alter von 48 Jahren gestorben. Die Todesursache ist noch unbekannt. Die Autopsie-Resultate werden erst in Wochen vorliegen. Ein Selbstmord kann nicht ausgeschlossen werden.<\/p>\n","protected":false},"excerpt":{"rendered":"<p>Man soll nicht schlecht \u00fcber Verstorbene sprechen resp. schreiben. Es ist schon einige Zeit her, da las ich einen Artikel mit der \u00dcberschrift Whitney Houston kann nicht ohne B\u00fchne: \u201eSie kann es nicht mehr wirklich auf der B\u00fchne &#8211; aber noch weniger kann sie ohne. Das habe Whitney Houston mit vielen Promis gemeinsam, wie Borwin &hellip; <a href=\"https:\/\/willizblog.de\/?p=5580\" class=\"more-link\"><span class=\"screen-reader-text\">Whitney Houston gestorben<\/span> weiterlesen <span class=\"meta-nav\">&rarr;<\/span><\/a><\/p>\n","protected":false},"author":1,"featured_media":0,"comment_status":"open","ping_status":"open","sticky":false,"template":"","format":"standard","meta":[],"categories":[43,31],"tags":[],"_links":{"self":[{"href":"https:\/\/willizblog.de\/index.php?rest_route=\/wp\/v2\/posts\/5580"}],"collection":[{"href":"https:\/\/willizblog.de\/index.php?rest_route=\/wp\/v2\/posts"}],"about":[{"href":"https:\/\/willizblog.de\/index.php?rest_route=\/wp\/v2\/types\/post"}],"author":[{"embeddable":true,"href":"https:\/\/willizblog.de\/index.php?rest_route=\/wp\/v2\/users\/1"}],"replies":[{"embeddable":true,"href":"https:\/\/willizblog.de\/index.php?rest_route=%2Fwp%2Fv2%2Fcomments&post=5580"}],"version-history":[{"count":0,"href":"https:\/\/willizblog.de\/index.php?rest_route=\/wp\/v2\/posts\/5580\/revisions"}],"wp:attachment":[{"href":"https:\/\/willizblog.de\/index.php?rest_route=%2Fwp%2Fv2%2Fmedia&parent=5580"}],"wp:term":[{"taxonomy":"category","embeddable":true,"href":"https:\/\/willizblog.de\/index.php?rest_route=%2Fwp%2Fv2%2Fcategories&post=5580"},{"taxonomy":"post_tag","embeddable":true,"href":"https:\/\/willizblog.de\/index.php?rest_route=%2Fwp%2Fv2%2Ftags&post=5580"}],"curies":[{"name":"wp","href":"https:\/\/api.w.org\/{rel}","templated":true}]}}