{"id":5591,"date":"2012-02-17T09:28:26","date_gmt":"2012-02-17T08:28:26","guid":{"rendered":"http:\/\/www.willizblog.de\/?p=5591"},"modified":"2012-02-16T11:32:16","modified_gmt":"2012-02-16T10:32:16","slug":"werders-neue-spieler","status":"publish","type":"post","link":"https:\/\/willizblog.de\/?p=5591","title":{"rendered":"Werders neue Spieler"},"content":{"rendered":"<p>Morgen ist es wieder einmal soweit. Im Nordderby in der Fu\u00dfball-Bundesliga spielt der HSV gegen Werder Bremen. In der Hinrunde gewannen die Bremer mit 2:0. Die <a href=\"https:\/\/www.willizblog.de\/?p=1662\" target=\"_blank\">hanseatische Rivalit\u00e4t<\/a> sorgt immer f\u00fcr Brisanz. Nachdem der HSV doch noch im Mittelfeld angekommen ist, haben die Hamburger sich jetzt als Ziel gesetzt, wieder die Nummer eins im Norden zu werden. Obwohl der SV Werder noch deutliche sieben Punkte vor dem HSV steht, d\u00fcrften die Hamburger morgen als Favorit gelten.<\/p>\n<p>Warum? In den vier Spielen der R\u00fcckrunde haben sich die Bremer nicht gerade mit Ruhm bekleckert: Vier Spiele und nur vier Punkte von m\u00f6glichen 12, da viermal remis gespielt wurde. Also bitte morgen nicht schon wieder ein Unentschieden (von mir aus verliert selbst gegen den HSV, wenn ihr die n\u00e4chsten Spiele endlich einmal wieder gewinnt), das halten die Nerven von uns Fans nicht mehr aus. Und haltet endlich den Mund und macht keine gro\u00dfen Spr\u00fcche. Aber nein: <a href=\"http:\/\/www.werder.de\/de\/profis\/news\/37745.php\" target=\"_blank\">\u201eDer HSV liegt uns!\u201c<\/a> &#8230; hoffentlich der Mannschaft am Sonntagmorgen nicht schwer im Magen.<\/p>\n<p>Okay, der HSV kocht bisher auch nur mit Wasser. Der Sieg in K\u00f6ln am letzten Wochenende wurde gegen v\u00f6llig desolate, sich im Karnevalfieber befindliche K\u00f6lner erzielt. Da muss es morgen schon etwas \u201amehr\u2019 sein. Lassen wir uns also \u00fcberraschen (hoffentlich angenehm).<\/p>\n<p>Vielleicht \u201aziehen\u2019 ja morgen Werders neue <strike>Kleider<\/strike> Spieler. Im Kader des Bremer Fu\u00dfballbundesligisten hat sich in den letzten Wochen einiges getan. Nachdem nicht nur Naldo und Pr\u00f6dl in der Abwehr verletzt sind, sondern auch Andreas Wolf in Richtung Monaco freigegeben wurde, hat Klaus Allofs, Werders Manager, Nachschub von den Young Boys Bern in Gestalt von Fran\u00e7ois Affolter geholt, wenn auch nur als Ausleihe. Absehbar ist endlich auch, wann Sebastian Boenisch wieder zum Einsatz kommt. Im Mittelfeld ist von der Austria Wien Zlatko Junuzovic an die Weser gekommen, hatte erst einen guten Einstieg, um dann \u00e4hnlich wie seine Nebenspieler, allen voran Mehmet Ekici, der bisher auf fast ganzer Linie entt\u00e4uschte, nachzulassen. Sandro Wagner, der im Angriff bisher auch nicht so recht zu Potte kam, ist erst einmal nach Kaiserslautern ausgeliehen. Und da man nicht wei\u00df, ob Claudio Pizarro, Werders bisher einzigster Aktivposten, mit dem Ende der Saison noch in Bremen bleiben wird (er d\u00fcrfte gehen, wenn es Werder nicht in eine der internationalen Wettbewerbe schafft), hat sich Werder bereits umgeschaut und will sich die Rechte an dem jungen Nachwuchsst\u00fcrmer des 1. FC Saarbr\u00fccken, <a href=\"http:\/\/www.weser-kurier.de\/Artikel\/Werder\/Profis\/534901\/Werder-holt-Sturm-Talent-aus-Saarbruecken.html\" target=\"_blank\">Johannes Wurz<\/a>, sichern. Leider zu einer Farce verkommt <a href=\"http:\/\/www.transfermarkt.de\/de\/wesley-zu-palmeiras\/topic\/ansicht_154_988984_seite7.html\" target=\"_blank\">der Wechsel des Brasilianers Wesley<\/a> zur\u00fcck in seine Heimat zu Palmeiras S\u00e3o Paulo. Wesley hat schon seinen Spind bei Werder ger\u00e4umt, der Wechsel mit allen Modalit\u00e4ten war in trockenen T\u00fccher, da springt wohl beim brasilianischen Verein der Investor ab, der den ersten Teil der vereinbarten Transfersumme \u00fcbernehmen sollte.<\/p>\n<p>Dass man Wesley nicht l\u00e4nger halten wolle, war absehbar, da sich im Bremer Mittelfeld die Talente schon gegenseitig auf die F\u00fc\u00dfe treten. Neben Marin, Bargfrede, Aaron Hunt und <a href=\"http:\/\/www.werder.de\/de\/profis\/news\/37744.php\" target=\"_blank\">Borowski<\/a>, der es noch einmal wissen will, sind das u.a. Aleksandar Ignjovski, Mehmet Ekici, Zlatko Junuzovic, Tom Trybull, Florian Trinks, die Stevanovic-Br\u00fcder und noch einige Spieler mehr. Wer sich nun als Spielgestalter aufdr\u00e4ngt, ist noch nicht so richtig auszumachen. Vielleicht packt es Ekici doch endlich \u2013 oder Zlatko Junuzovic l\u00e4sst den Worten Taten folgen.<\/p>\n<p>Junge Tatente hat Werder (nicht nur im Mittelfeld) zuhauf. Was fehlt, dass ist der gro\u00dfe Durchbruch. Also, ran an die Riemen, Jungs. Ich wei\u00df, ich wiederhole mich. Aber sonst <a href=\"https:\/\/www.willizblog.de\/?p=5391\" target=\"_blank\">versinkt das Werder-Schiff<\/a> sehr schnell in den Gew\u00e4ssern bundesligistischer Mittelm\u00e4\u00dfigkeit. Morgen habt ihr dazu die n\u00e4chste gro\u00dfe Chance. Aber bitte nicht wieder ein uns\u00e4gliches Unentschieden (dann doch lieber &#8230; nein, lieber nicht).<\/p>\n","protected":false},"excerpt":{"rendered":"<p>Morgen ist es wieder einmal soweit. Im Nordderby in der Fu\u00dfball-Bundesliga spielt der HSV gegen Werder Bremen. In der Hinrunde gewannen die Bremer mit 2:0. Die hanseatische Rivalit\u00e4t sorgt immer f\u00fcr Brisanz. Nachdem der HSV doch noch im Mittelfeld angekommen ist, haben die Hamburger sich jetzt als Ziel gesetzt, wieder die Nummer eins im Norden &hellip; <a href=\"https:\/\/willizblog.de\/?p=5591\" class=\"more-link\"><span class=\"screen-reader-text\">Werders neue Spieler<\/span> weiterlesen <span class=\"meta-nav\">&rarr;<\/span><\/a><\/p>\n","protected":false},"author":1,"featured_media":0,"comment_status":"open","ping_status":"open","sticky":false,"template":"","format":"standard","meta":[],"categories":[27],"tags":[],"_links":{"self":[{"href":"https:\/\/willizblog.de\/index.php?rest_route=\/wp\/v2\/posts\/5591"}],"collection":[{"href":"https:\/\/willizblog.de\/index.php?rest_route=\/wp\/v2\/posts"}],"about":[{"href":"https:\/\/willizblog.de\/index.php?rest_route=\/wp\/v2\/types\/post"}],"author":[{"embeddable":true,"href":"https:\/\/willizblog.de\/index.php?rest_route=\/wp\/v2\/users\/1"}],"replies":[{"embeddable":true,"href":"https:\/\/willizblog.de\/index.php?rest_route=%2Fwp%2Fv2%2Fcomments&post=5591"}],"version-history":[{"count":0,"href":"https:\/\/willizblog.de\/index.php?rest_route=\/wp\/v2\/posts\/5591\/revisions"}],"wp:attachment":[{"href":"https:\/\/willizblog.de\/index.php?rest_route=%2Fwp%2Fv2%2Fmedia&parent=5591"}],"wp:term":[{"taxonomy":"category","embeddable":true,"href":"https:\/\/willizblog.de\/index.php?rest_route=%2Fwp%2Fv2%2Fcategories&post=5591"},{"taxonomy":"post_tag","embeddable":true,"href":"https:\/\/willizblog.de\/index.php?rest_route=%2Fwp%2Fv2%2Ftags&post=5591"}],"curies":[{"name":"wp","href":"https:\/\/api.w.org\/{rel}","templated":true}]}}