{"id":5597,"date":"2012-02-19T09:23:05","date_gmt":"2012-02-19T08:23:05","guid":{"rendered":"http:\/\/www.willizblog.de\/?p=5597"},"modified":"2012-02-17T19:35:38","modified_gmt":"2012-02-17T18:35:38","slug":"wo-bleibt-die-energiewende","status":"publish","type":"post","link":"https:\/\/willizblog.de\/?p=5597","title":{"rendered":"Wo bleibt die Energiewende?"},"content":{"rendered":"<p>In Europa soll bis zum Jahre 2020 ein F\u00fcnftel des Energieverbrauchs eingespart werden. Denn was man nicht verbraucht, muss nicht produziert werden. Es geht also um Richtlinien zur Energieeffizienz. Und genau da kommen die Herren Norbert R\u00f6ttgen und Philipp R\u00f6sler ins Spiel, der eine Bundesumweltminister, der andere Bundeswirtschaftsminister und Vorsitzender einer eigentlich nicht mehr existenten FDP. Beide versuchen sich an einer Sachfrage strategisch zu profilieren, die l\u00e4ngst entschieden sein m\u00fcsste. Und so kommt Deutschland in diesem Punkt nicht von der Stelle. Vom <a href=\"http:\/\/www.heute.de\/ZDFheute\/inhalt\/17\/0,3672,8475889,00.html\" target=\"_blank\">Top-Duo der Ineffizienz<\/a> ist bereits die Rede.<\/p>\n<p>Und dann ist da noch das <a href=\"http:\/\/www.heute.de\/ZDFheute\/inhalt\/1\/0,3672,8475713,00.html\" target=\"_blank\">M\u00e4rchen von der Stroml\u00fccke<\/a>. Die Atomlobby skizziert ein Schreckgespenst vom Deutschland, dem der Strom ausgeht. Denn die gro\u00dfen Energieversorger trauern der billigen Atomkraft nach und den damit verbundenen Milliardengewinnen. Nur wenige von ihnen nutzen den Ausstieg, um verst\u00e4rkt in die erneuerbaren Energien zu investieren. Aber trotz der klirrenden K\u00e4lte Anfang Februar konnte Deutschland sogar Strom exportieren. Zum Beispiel ins Atomstromland Frankreich.<\/p>\n<p><img src=\"https:\/\/www.willizblog.de\/blogpicts\/energiewende.jpg\" alt=\"Energiewende \u2013 jetzt sofort\" title=\"Energiewende \u2013 jetzt sofort\" \/><\/p>\n<p>Und dann haben wir da eben jenes Duo der Ineffizienz, die Herren R\u00f6ttgen und R\u00f6sler. Der Ausbau der erneuerbaren Energien &#8211; und die damit verbundenen Subventionen sind R\u00f6sler ein Dorn im Auge. Da liegt er mit R\u00f6ttgen im Clinch. Und so ist nichts mit Energieeinsparung und so gut wie nichts mit der Energiewende als solches.<\/p>\n<p>Aber es kommt noch \u201abesser\u2019: W\u00e4hrend der K\u00e4lteperiode war das deutsche <a href=\"http:\/\/www.heute.de\/ZDFheute\/inhalt\/31\/0,3672,8477471,00.html\" target=\"_blank\">Stromnetz dem Kollaps nah<\/a>. Wasser auf den M\u00fchlen der Atomlobby? Wie es aussieht, sind riskante Handelsgesch\u00e4fte Grund f\u00fcr diese \u201aUnterdeckung\u2019:  \u201eHunderte Stromh\u00e4ndler kaufen f\u00fcr Gro\u00dfverbraucher und Versorger Strom zu, der gerade ben\u00f6tigt wird. Sie sch\u00e4tzen dabei anhand von Erfahrungswerten ab, wie viel gebraucht wird. Weil durch eine enorme Nachfrage, etwa auch in Frankreich, der Strompreis an der B\u00f6rse auf teils weit \u00fcber 350 Euro f\u00fcr die Megawattstunde hochschnellte, besteht der Verdacht, das die H\u00e4ndler Kosten sparen wollten und die Prognosen entsprechend klein rechneten.\u201c<\/p>\n<p>Wenn aber zu wenig Strom vorhanden ist, dann wird \u201e\u00fcber die f\u00fcr Notf\u00e4lle als Absicherung des Systems vorgesehene Regelleistung zur\u00fcckgegriffen\u201c. Die Kosten hierf\u00fcr sind mit 100 Euro je Megawattstunde deutlich billiger ist. Hier zocken Stromh\u00e4ndler mit unserer Versorgungssicherheit. Vielleicht sogar im Auftrag, um den M\u00e4rchen von der Stroml\u00fccke Nahrung zu geben.<\/p>\n<p>Wie es aussieht, so ist die Energiewende l\u00e4ngst noch nicht in trockenen T\u00fcchern. Solange Herr R\u00f6sler in dieser wichtigen Frage mitbestimmen darf, obwohl er und seine Partei l\u00e4ngst jeglichen R\u00fcckhalt in der Bev\u00f6lkerung verloren hat, solange muss man mit dem Schlimmsten rechnen. Eventuell sogar mit einem aus einer bestimmten Richtung gesteuerten oder aufgrund von geldgierigen Spekulationen erzeugten Kollaps des Stromnetzes.<\/p>\n<p>Nach dem R\u00fccktritt von Wulff als Bundespr\u00e4sidenten stellt sich die Frage, ob es nicht an der Zeit ist, dass auch die FDP-Minister ihre Posten r\u00e4umen, um die Voraussetzungen f\u00fcr Neuwahlen auch des Bundestages zu schaffen. Die Verschleppung der Energiewende darf nicht l\u00e4nger hingenommen werden.<\/p>\n","protected":false},"excerpt":{"rendered":"<p>In Europa soll bis zum Jahre 2020 ein F\u00fcnftel des Energieverbrauchs eingespart werden. Denn was man nicht verbraucht, muss nicht produziert werden. Es geht also um Richtlinien zur Energieeffizienz. Und genau da kommen die Herren Norbert R\u00f6ttgen und Philipp R\u00f6sler ins Spiel, der eine Bundesumweltminister, der andere Bundeswirtschaftsminister und Vorsitzender einer eigentlich nicht mehr existenten &hellip; <a href=\"https:\/\/willizblog.de\/?p=5597\" class=\"more-link\"><span class=\"screen-reader-text\">Wo bleibt die Energiewende?<\/span> weiterlesen <span class=\"meta-nav\">&rarr;<\/span><\/a><\/p>\n","protected":false},"author":1,"featured_media":0,"comment_status":"open","ping_status":"open","sticky":false,"template":"","format":"standard","meta":[],"categories":[12,2],"tags":[],"_links":{"self":[{"href":"https:\/\/willizblog.de\/index.php?rest_route=\/wp\/v2\/posts\/5597"}],"collection":[{"href":"https:\/\/willizblog.de\/index.php?rest_route=\/wp\/v2\/posts"}],"about":[{"href":"https:\/\/willizblog.de\/index.php?rest_route=\/wp\/v2\/types\/post"}],"author":[{"embeddable":true,"href":"https:\/\/willizblog.de\/index.php?rest_route=\/wp\/v2\/users\/1"}],"replies":[{"embeddable":true,"href":"https:\/\/willizblog.de\/index.php?rest_route=%2Fwp%2Fv2%2Fcomments&post=5597"}],"version-history":[{"count":0,"href":"https:\/\/willizblog.de\/index.php?rest_route=\/wp\/v2\/posts\/5597\/revisions"}],"wp:attachment":[{"href":"https:\/\/willizblog.de\/index.php?rest_route=%2Fwp%2Fv2%2Fmedia&parent=5597"}],"wp:term":[{"taxonomy":"category","embeddable":true,"href":"https:\/\/willizblog.de\/index.php?rest_route=%2Fwp%2Fv2%2Fcategories&post=5597"},{"taxonomy":"post_tag","embeddable":true,"href":"https:\/\/willizblog.de\/index.php?rest_route=%2Fwp%2Fv2%2Ftags&post=5597"}],"curies":[{"name":"wp","href":"https:\/\/api.w.org\/{rel}","templated":true}]}}