{"id":5628,"date":"2012-02-26T09:24:05","date_gmt":"2012-02-26T08:24:05","guid":{"rendered":"http:\/\/www.willizblog.de\/?p=5628"},"modified":"2014-10-08T09:13:42","modified_gmt":"2014-10-08T08:13:42","slug":"heute-ruhetag-5-ritter-von-der-traurigen-gestalt","status":"publish","type":"post","link":"https:\/\/willizblog.de\/?p=5628","title":{"rendered":"Heute Ruhetag (5): Ritter von der traurigen Gestalt"},"content":{"rendered":"<p><img src=\"https:\/\/www.willizblog.de\/blogpicts\/ruhetag.jpg\" alt=\"Heute Ruhetag!\" title=\"Heute Ruhetag!\" \/><\/p>\n<p>An einem Orte der Mancha, an dessen Namen ich mich nicht erinnern will, lebte vor nicht langer Zeit ein Junker, einer von jenen, die einen Speer im Lanzengestell, eine alte Tartsche, einen hagern Gaul und einen Windhund zum Jagen haben. Eine Sch\u00fcssel Suppe mit etwas mehr Kuh- als Hammelfleisch darin, die meisten Abende Fleischkuchen aus den \u00dcberbleibseln vom Mittag, j\u00e4mmerliche Knochenreste am Samstag, Linsen am Freitag, ein T\u00e4ubchen als Zugabe am Sonntag \u2013 das verzehrte volle Dreiviertel seines Einkommens; der Rest ging drauf f\u00fcr ein Wams von Pl\u00fcsch, Hosen von Samt f\u00fcr die Feiertage mit zugeh\u00f6rigen Pantoffeln vom selben Stoff, und die Wochentage sch\u00e4tzte er sich&#8217;s zur Ehre, sein einheimisches Bauerntuch zu tragen \u2013 aber vom feinsten! Er hatte bei sich eine Haush\u00e4lterin, die \u00fcber die Vierzig hinaus war, und eine Nichte, die noch nicht an die Zwanzig reichte; auch einen Diener f\u00fcr Feld und Haus, der ebensowohl den Gaul sattelte als die Gartenschere zur Hand nahm. Es streifte das Alter unsres Junkers an die f\u00fcnfzig Jahre; er war von kr\u00e4ftiger K\u00f6rperbeschaffenheit, hager am Leibe, d\u00fcrr im Gesichte, ein eifriger Fr\u00fchaufsteher und Freund der Jagd. Man behauptete, er habe den Zunamen Quijada oder Quesada gef\u00fchrt \u2013 denn hierin waltet einige Verschiedenheit in den Autoren, die \u00fcber diesen Kasus schreiben \u2013, wiewohl aus wahrscheinlichen Vermutungen sich annehmen l\u00e4\u00dft, da\u00df er Quijano hie\u00df. Aber dies ist von geringer Bedeutung f\u00fcr unsre Geschichte; genug, da\u00df in deren Erz\u00e4hlung nicht um einen Punkt von der Wahrheit abgewichen wird. [&#8230;]<\/p>\n<p><a href=\"https:\/\/de.wikipedia.org\/wiki\/Miguel_de_Cervantes\" target=\"_blank\"><strong>Miguel de Cervantes Saavedra<\/strong><\/a>: <a href=\"http:\/\/gutenberg.spiegel.de\/buch\/2805\/1\" target=\"_blank\">Der sinnreiche Junker Don Quijote von der Mancha<\/a><\/p>\n<p>siehe hierzu auch: <a href=\"https:\/\/www.willizblog.de\/?p=1308\" target=\"_blank\">Wilfredo A.: Gegen Windm\u00fchlen k\u00e4mpfen<\/a><\/p>\n","protected":false},"excerpt":{"rendered":"<p>An einem Orte der Mancha, an dessen Namen ich mich nicht erinnern will, lebte vor nicht langer Zeit ein Junker, einer von jenen, die einen Speer im Lanzengestell, eine alte Tartsche, einen hagern Gaul und einen Windhund zum Jagen haben. Eine Sch\u00fcssel Suppe mit etwas mehr Kuh- als Hammelfleisch darin, die meisten Abende Fleischkuchen aus &hellip; <a href=\"https:\/\/willizblog.de\/?p=5628\" class=\"more-link\"><span class=\"screen-reader-text\">Heute Ruhetag (5): Ritter von der traurigen Gestalt<\/span> weiterlesen <span class=\"meta-nav\">&rarr;<\/span><\/a><\/p>\n","protected":false},"author":1,"featured_media":0,"comment_status":"open","ping_status":"open","sticky":false,"template":"","format":"standard","meta":[],"categories":[14],"tags":[],"_links":{"self":[{"href":"https:\/\/willizblog.de\/index.php?rest_route=\/wp\/v2\/posts\/5628"}],"collection":[{"href":"https:\/\/willizblog.de\/index.php?rest_route=\/wp\/v2\/posts"}],"about":[{"href":"https:\/\/willizblog.de\/index.php?rest_route=\/wp\/v2\/types\/post"}],"author":[{"embeddable":true,"href":"https:\/\/willizblog.de\/index.php?rest_route=\/wp\/v2\/users\/1"}],"replies":[{"embeddable":true,"href":"https:\/\/willizblog.de\/index.php?rest_route=%2Fwp%2Fv2%2Fcomments&post=5628"}],"version-history":[{"count":0,"href":"https:\/\/willizblog.de\/index.php?rest_route=\/wp\/v2\/posts\/5628\/revisions"}],"wp:attachment":[{"href":"https:\/\/willizblog.de\/index.php?rest_route=%2Fwp%2Fv2%2Fmedia&parent=5628"}],"wp:term":[{"taxonomy":"category","embeddable":true,"href":"https:\/\/willizblog.de\/index.php?rest_route=%2Fwp%2Fv2%2Fcategories&post=5628"},{"taxonomy":"post_tag","embeddable":true,"href":"https:\/\/willizblog.de\/index.php?rest_route=%2Fwp%2Fv2%2Ftags&post=5628"}],"curies":[{"name":"wp","href":"https:\/\/api.w.org\/{rel}","templated":true}]}}