{"id":564,"date":"2006-08-05T15:15:45","date_gmt":"2006-08-05T13:15:45","guid":{"rendered":"http:\/\/www.albinz.de\/blog\/?p=564"},"modified":"2006-08-05T15:15:45","modified_gmt":"2006-08-05T13:15:45","slug":"jans-kalenderblatt-august-2006","status":"publish","type":"post","link":"https:\/\/willizblog.de\/?p=564","title":{"rendered":"Jans Kalenderblatt: August 2006"},"content":{"rendered":"<p>Unter Palmen am Meer &#8211; welche Idylle. Wie schnell die aber umschlagen kann, hat mein Sohn Jan treffend bebildert. Kaum liegt man nicht mehr im Schatten, da br\u00e4t einen die Sonne. Und ein Sprung ins k\u00fchlende Nass kann lebensgef\u00e4hrlich sein, wenn im Meer Haie auftauchen.<\/p>\n<p><img src=\"https:\/\/www.albinz.net\/images\/jans_kalender_2006_08.jpg\" alt=\"Jans Kalenderblatt August 2006\" \/><\/p>\n","protected":false},"excerpt":{"rendered":"<p>Unter Palmen am Meer &#8211; welche Idylle. Wie schnell die aber umschlagen kann, hat mein Sohn Jan treffend bebildert. Kaum liegt man nicht mehr im Schatten, da br\u00e4t einen die Sonne. Und ein Sprung ins k\u00fchlende Nass kann lebensgef\u00e4hrlich sein, wenn im Meer Haie auftauchen.<\/p>\n","protected":false},"author":1,"featured_media":0,"comment_status":"closed","ping_status":"closed","sticky":false,"template":"","format":"standard","meta":[],"categories":[37],"tags":[],"_links":{"self":[{"href":"https:\/\/willizblog.de\/index.php?rest_route=\/wp\/v2\/posts\/564"}],"collection":[{"href":"https:\/\/willizblog.de\/index.php?rest_route=\/wp\/v2\/posts"}],"about":[{"href":"https:\/\/willizblog.de\/index.php?rest_route=\/wp\/v2\/types\/post"}],"author":[{"embeddable":true,"href":"https:\/\/willizblog.de\/index.php?rest_route=\/wp\/v2\/users\/1"}],"replies":[{"embeddable":true,"href":"https:\/\/willizblog.de\/index.php?rest_route=%2Fwp%2Fv2%2Fcomments&post=564"}],"version-history":[{"count":0,"href":"https:\/\/willizblog.de\/index.php?rest_route=\/wp\/v2\/posts\/564\/revisions"}],"wp:attachment":[{"href":"https:\/\/willizblog.de\/index.php?rest_route=%2Fwp%2Fv2%2Fmedia&parent=564"}],"wp:term":[{"taxonomy":"category","embeddable":true,"href":"https:\/\/willizblog.de\/index.php?rest_route=%2Fwp%2Fv2%2Fcategories&post=564"},{"taxonomy":"post_tag","embeddable":true,"href":"https:\/\/willizblog.de\/index.php?rest_route=%2Fwp%2Fv2%2Ftags&post=564"}],"curies":[{"name":"wp","href":"https:\/\/api.w.org\/{rel}","templated":true}]}}