{"id":5648,"date":"2012-02-29T09:20:21","date_gmt":"2012-02-29T08:20:21","guid":{"rendered":"http:\/\/www.willizblog.de\/?p=5648"},"modified":"2012-02-28T07:40:57","modified_gmt":"2012-02-28T06:40:57","slug":"2012-%e2%80%93-ein-schaltjahr","status":"publish","type":"post","link":"https:\/\/willizblog.de\/?p=5648","title":{"rendered":"2012 \u2013 ein Schaltjahr"},"content":{"rendered":"<p>Bekanntlich dreht sich die Erde um die Sonne und braucht daf\u00fcr ein Jahr, also 365 Tage, genauer: etwas mehr als ein Jahr, n\u00e4mlich (im Jahr 2000) 365 Tage, 5 Stunden, 48 Minuten, 45,261 Sekunden. Um diesen \u00dcberhang von knapp 6 Stunden auszugleichen, ist jedes vierte Jahr ein <a href=\"https:\/\/de.wikipedia.org\/wiki\/Schaltjahr\" target=\"_blank\">Schaltjahr<\/a> mit einem zus\u00e4tzlichen Tag am 29. Februar (au\u00dfer in jedem hundertsten Jahr mit Ausnahme des Schaltjahres 2000). Heute ist ein solcher Schalttag. Aber die Jahre werden k\u00fcrzer, wenn auch nur eine halbe Sekunde pro Jahrhundert.<\/p>\n<p>Den Zeitraum f\u00fcr die Umkreisung der Erde um die Sonne nennt man auch tropisches Jahr und definiert dieses als Zeitraum, in dem die mittlere L\u00e4nge der Sonne auf der Ekliptik um 360\u00b0 zunimmt. Klingt doch nett, oder?<\/p>\n<p><img src=\"https:\/\/www.willizblog.de\/blogpicts\/29_februar.jpg\" alt=\"29. Februar\" title=\"29. Februar\" \/><\/p>\n<p>In diesem Zusammenhang eine ebenso nette <strong>Frage:<\/strong><\/p>\n<p>Was geschah in der Zeit vom <strong>5. bis zum 14. Oktober 1582<\/strong>?<\/p>\n<p>strong>Antwort:<\/strong> <em>Nichts, die Tage gab es nicht.<\/em><\/p>\n<p>Grundlage unserer Zeitrechnung war bis ins 16. Jahrhundert der Julianische Kalender, der von Julius Caesar eingef\u00fchrt wurde und in manchen Teilen der Welt noch weit bis ins 20. Jahrhundert g\u00fcltig war. Er wird heute in der Wissenschaft r\u00fcckwirkend auch f\u00fcr die Jahre vor dem Wirken Caesars verwendet und wurde seit dem 16. Jahrhundert sukzessive durch den Gregorianischen Kalender abgel\u00f6st. Der Gregorianische Kalender, benannt nach Papst Gregor XIII., ist der heute in den weitaus meisten Teilen der Welt g\u00fcltige Kalender. Er wurde Ende des 16. Jahrhunderts entwickelt und l\u00f6ste im Laufe der Jahrhunderte zahlreiche andere Kalenderformen ab. Der Unterschied zwischen beiden? Der Julianische Kalender hatte 365 Tage und genau 6 Stunden, alle vier Jahre also einen Schalttag, w\u00e4hrend der Gregorianische Kalender S\u00e4kular-Jahre kennt (das sind Jahre, deren Zahl durch 100 teilbar ist), die keinen Schalttag mehr erhalten. Um die bereits eingetretene Zeitverschiebung auszugleichen (Ausgangspunkt waren Probleme mit der Berechnung der Osterfeiertage) bestimmte Papst Gregor XIII., dass im Jahre 1582 zehn Tage \u00fcbersprungen werden sollten. Daher folgte in einigen r\u00f6misch-katholischen L\u00e4ndern auf Donnerstag, den 4. Oktober gleich Freitag, der 15. Oktober \u2013 die Abfolge der Wochentage blieb dabei jedoch unver\u00e4ndert.<\/p>\n","protected":false},"excerpt":{"rendered":"<p>Bekanntlich dreht sich die Erde um die Sonne und braucht daf\u00fcr ein Jahr, also 365 Tage, genauer: etwas mehr als ein Jahr, n\u00e4mlich (im Jahr 2000) 365 Tage, 5 Stunden, 48 Minuten, 45,261 Sekunden. Um diesen \u00dcberhang von knapp 6 Stunden auszugleichen, ist jedes vierte Jahr ein Schaltjahr mit einem zus\u00e4tzlichen Tag am 29. Februar &hellip; <a href=\"https:\/\/willizblog.de\/?p=5648\" class=\"more-link\"><span class=\"screen-reader-text\">2012 \u2013 ein Schaltjahr<\/span> weiterlesen <span class=\"meta-nav\">&rarr;<\/span><\/a><\/p>\n","protected":false},"author":1,"featured_media":0,"comment_status":"open","ping_status":"open","sticky":false,"template":"","format":"standard","meta":[],"categories":[20],"tags":[],"_links":{"self":[{"href":"https:\/\/willizblog.de\/index.php?rest_route=\/wp\/v2\/posts\/5648"}],"collection":[{"href":"https:\/\/willizblog.de\/index.php?rest_route=\/wp\/v2\/posts"}],"about":[{"href":"https:\/\/willizblog.de\/index.php?rest_route=\/wp\/v2\/types\/post"}],"author":[{"embeddable":true,"href":"https:\/\/willizblog.de\/index.php?rest_route=\/wp\/v2\/users\/1"}],"replies":[{"embeddable":true,"href":"https:\/\/willizblog.de\/index.php?rest_route=%2Fwp%2Fv2%2Fcomments&post=5648"}],"version-history":[{"count":0,"href":"https:\/\/willizblog.de\/index.php?rest_route=\/wp\/v2\/posts\/5648\/revisions"}],"wp:attachment":[{"href":"https:\/\/willizblog.de\/index.php?rest_route=%2Fwp%2Fv2%2Fmedia&parent=5648"}],"wp:term":[{"taxonomy":"category","embeddable":true,"href":"https:\/\/willizblog.de\/index.php?rest_route=%2Fwp%2Fv2%2Fcategories&post=5648"},{"taxonomy":"post_tag","embeddable":true,"href":"https:\/\/willizblog.de\/index.php?rest_route=%2Fwp%2Fv2%2Ftags&post=5648"}],"curies":[{"name":"wp","href":"https:\/\/api.w.org\/{rel}","templated":true}]}}