{"id":565,"date":"2006-08-06T08:38:37","date_gmt":"2006-08-06T06:38:37","guid":{"rendered":"http:\/\/www.albinz.de\/blog\/?p=565"},"modified":"2007-08-20T08:24:37","modified_gmt":"2007-08-20T06:24:37","slug":"werder-holt-den-liga-pokal-2006","status":"publish","type":"post","link":"https:\/\/willizblog.de\/?p=565","title":{"rendered":"Werder holt den Liga-Pokal 2006"},"content":{"rendered":"<p>Der erste zu vergebene Titel des deutschen Fu\u00dfballs geht erstmalig an Werder Bremen. Mit seinen zwei Toren sichert Ivan Klasnic den Bremern den 2:0-Sieg gegen die Bayern und holt den Liga-Pokal 2006. Die Generalprobe f\u00fcr die kommende Bundesliga-Saison ist damit gelungen. Was diese h\u00e4ssliche Salatsch\u00fcssel wert ist (es passt noch nicht einmal Salat in ihr hinein), wird sich ab dem n\u00e4chsten Wochenende zeigen.<\/p>\n<p><img src=\"https:\/\/www.albinz.net\/images\/werder0607_ligapokal.jpg\" alt=\"Frings mit Liga-Pokal 2006\" \/><\/p>\n<p>Nach dem Abgang von Johan Micoud nach Bordeaux soll es Diego im Mittelfeld richten. Im Sturm gibt es neben dem K&#038;k-Sturm (Klose und Klasnic) u.a. mit Zidan und Hugo Almeida echte Alternativen. Und Wom\u00e9 d\u00fcrfte aus der Abwehr heraus f\u00fcr Druck nach vorn sorgen. Also auf zur Bayern-Jagd! Das erste Kapitel ist schon einmal gewonnen &#8230;<\/p>\n","protected":false},"excerpt":{"rendered":"<p>Der erste zu vergebene Titel des deutschen Fu\u00dfballs geht erstmalig an Werder Bremen. Mit seinen zwei Toren sichert Ivan Klasnic den Bremern den 2:0-Sieg gegen die Bayern und holt den Liga-Pokal 2006. Die Generalprobe f\u00fcr die kommende Bundesliga-Saison ist damit gelungen. Was diese h\u00e4ssliche Salatsch\u00fcssel wert ist (es passt noch nicht einmal Salat in ihr &hellip; <a href=\"https:\/\/willizblog.de\/?p=565\" class=\"more-link\"><span class=\"screen-reader-text\">Werder holt den Liga-Pokal 2006<\/span> weiterlesen <span class=\"meta-nav\">&rarr;<\/span><\/a><\/p>\n","protected":false},"author":1,"featured_media":0,"comment_status":"closed","ping_status":"closed","sticky":false,"template":"","format":"standard","meta":[],"categories":[27],"tags":[],"_links":{"self":[{"href":"https:\/\/willizblog.de\/index.php?rest_route=\/wp\/v2\/posts\/565"}],"collection":[{"href":"https:\/\/willizblog.de\/index.php?rest_route=\/wp\/v2\/posts"}],"about":[{"href":"https:\/\/willizblog.de\/index.php?rest_route=\/wp\/v2\/types\/post"}],"author":[{"embeddable":true,"href":"https:\/\/willizblog.de\/index.php?rest_route=\/wp\/v2\/users\/1"}],"replies":[{"embeddable":true,"href":"https:\/\/willizblog.de\/index.php?rest_route=%2Fwp%2Fv2%2Fcomments&post=565"}],"version-history":[{"count":0,"href":"https:\/\/willizblog.de\/index.php?rest_route=\/wp\/v2\/posts\/565\/revisions"}],"wp:attachment":[{"href":"https:\/\/willizblog.de\/index.php?rest_route=%2Fwp%2Fv2%2Fmedia&parent=565"}],"wp:term":[{"taxonomy":"category","embeddable":true,"href":"https:\/\/willizblog.de\/index.php?rest_route=%2Fwp%2Fv2%2Fcategories&post=565"},{"taxonomy":"post_tag","embeddable":true,"href":"https:\/\/willizblog.de\/index.php?rest_route=%2Fwp%2Fv2%2Ftags&post=565"}],"curies":[{"name":"wp","href":"https:\/\/api.w.org\/{rel}","templated":true}]}}