{"id":568,"date":"2006-08-10T00:27:17","date_gmt":"2006-08-09T22:27:17","guid":{"rendered":"http:\/\/www.albinz.de\/blog\/?p=568"},"modified":"2006-08-09T17:01:33","modified_gmt":"2006-08-09T15:01:33","slug":"150-jahre-neandertaler","status":"publish","type":"post","link":"https:\/\/willizblog.de\/?p=568","title":{"rendered":"150 Jahre Neandertaler"},"content":{"rendered":"<p>Im August des Jahres 1856 l\u00f6sen zwei italienische Steinbrucharbeiter die lehmigen Ablagerungen in der &#8222;Kleinen Feldhofer Grotte&#8220; im Neandertal am s\u00fcdlichen Ufer der D\u00fcssel zwischen Erkrath und Mettmann. Mit einer Spitzhacke sto\u00dfen sie dabei auf 42.000 Jahre alte Knochen &#8211; die Knochen eines fossilen Menschen, der sich allerdings stark vom Homo sapiens unterscheidet und der unter dem Namen <a href=\"https:\/\/de.wikipedia.org\/wiki\/Neandertaler\" target=\"_blank\">Homo neanderthalensis<\/a> in die Wissenschaft eingeben sollte. Vor 150 Jahren wurde also der Neandertaler gefunden.<\/p>\n<p><img src=\"https:\/\/www.albinz.net\/images\/neandertaler.jpg\" alt=\"150 Jahre Neandertaler\" \/><\/p>\n<p>Heute wissen wir, dass der moderne Mensch nicht vom Neandertaler abstammt, sondern das die Begegnung des Neandertalers mit unseren Vorfahren, dem so genannten Cro-Magnon-Mensch, zu seinem Untergang und Aussterben gef\u00fchrt hat. Der Neandertaler sollte nicht das letzte Opfer des &#8218;vernunftbegabten Menschen&#8216; sein.<\/p>\n<p>siehe zdf.de: <a href=\"http:\/\/www.heute.de\/ZDFheute\/inhalt\/30\/0,3672,3962750,00.html\" target=\"_blank\">Gefeierter Vetter<\/a><br \/>\n<a href=\"http:\/\/www.landschaftsmuseum.de\/seiten\/lexikon\/Neandertaler.htm\" target=\"_blank\">Wie lebten die Neandertaler?<\/a><br \/>\nzur <a href=\"http:\/\/www.roots2006.lvr.de\/home.php\" target=\"_blank\">Ausstellung<\/a> im Rheinischen Landesmuseum Bonn<br \/>\n<a href=\"http:\/\/www.neanderthal.de\/\" target=\"_blank\">Neanderthal Museum<\/a><\/p>\n","protected":false},"excerpt":{"rendered":"<p>Im August des Jahres 1856 l\u00f6sen zwei italienische Steinbrucharbeiter die lehmigen Ablagerungen in der &#8222;Kleinen Feldhofer Grotte&#8220; im Neandertal am s\u00fcdlichen Ufer der D\u00fcssel zwischen Erkrath und Mettmann. Mit einer Spitzhacke sto\u00dfen sie dabei auf 42.000 Jahre alte Knochen &#8211; die Knochen eines fossilen Menschen, der sich allerdings stark vom Homo sapiens unterscheidet und der &hellip; <a href=\"https:\/\/willizblog.de\/?p=568\" class=\"more-link\"><span class=\"screen-reader-text\">150 Jahre Neandertaler<\/span> weiterlesen <span class=\"meta-nav\">&rarr;<\/span><\/a><\/p>\n","protected":false},"author":1,"featured_media":0,"comment_status":"closed","ping_status":"closed","sticky":false,"template":"","format":"standard","meta":[],"categories":[20],"tags":[],"_links":{"self":[{"href":"https:\/\/willizblog.de\/index.php?rest_route=\/wp\/v2\/posts\/568"}],"collection":[{"href":"https:\/\/willizblog.de\/index.php?rest_route=\/wp\/v2\/posts"}],"about":[{"href":"https:\/\/willizblog.de\/index.php?rest_route=\/wp\/v2\/types\/post"}],"author":[{"embeddable":true,"href":"https:\/\/willizblog.de\/index.php?rest_route=\/wp\/v2\/users\/1"}],"replies":[{"embeddable":true,"href":"https:\/\/willizblog.de\/index.php?rest_route=%2Fwp%2Fv2%2Fcomments&post=568"}],"version-history":[{"count":0,"href":"https:\/\/willizblog.de\/index.php?rest_route=\/wp\/v2\/posts\/568\/revisions"}],"wp:attachment":[{"href":"https:\/\/willizblog.de\/index.php?rest_route=%2Fwp%2Fv2%2Fmedia&parent=568"}],"wp:term":[{"taxonomy":"category","embeddable":true,"href":"https:\/\/willizblog.de\/index.php?rest_route=%2Fwp%2Fv2%2Fcategories&post=568"},{"taxonomy":"post_tag","embeddable":true,"href":"https:\/\/willizblog.de\/index.php?rest_route=%2Fwp%2Fv2%2Ftags&post=568"}],"curies":[{"name":"wp","href":"https:\/\/api.w.org\/{rel}","templated":true}]}}