{"id":5688,"date":"2012-03-09T09:24:49","date_gmt":"2012-03-09T08:24:49","guid":{"rendered":"http:\/\/www.willizblog.de\/?p=5688"},"modified":"2012-03-08T11:36:15","modified_gmt":"2012-03-08T10:36:15","slug":"kleinkrieg-in-tostedt","status":"publish","type":"post","link":"https:\/\/willizblog.de\/?p=5688","title":{"rendered":"Kleinkrieg in Tostedt?"},"content":{"rendered":"<p>Es ist schon etwas her, was in Tostedt, Ortsteil Todtgl\u00fcsingen geschah: Am Samstag, den 11.2., wurde lt. Polizeipresseartikel <em>\u201egegen 23.45 Uhr [&#8230;] die Polizei in die Rosenstra\u00dfe gerufen. Dort war es vor einem Mehrfamilienhaus, in dem auch ein amtsbekannter Rechtsextremist wohnt, zu mehreren Schussabgaben gekommen.<br \/>\n[&#8230;] Bei der Sachverhaltsaufnahme wurde bekannt, dass sich bereits am Nachmittag, gegen 16.30 Uhr ein solcher Vorfall ereignet hatte.<\/em><br \/>\n<em>Am Sonntagabend<\/em> [12.02.2012], <em>gegen 23.35 Uhr wurde die Polizei erneut alarmiert. Wieder wurden mehrere Sch\u00fcsse in der Stra\u00dfe abgefeuert. [&#8230;]<\/em><br \/>\n<em>Die Polizei hat Ermittlungsverfahren wegen Versto\u00dfes gegen das Waffengesetz eingeleitet. Bislang gibt es keine Spur zu den T\u00e4tern. Die Beamten des Staatsschutzes sind mit den Ermittlungen befasst.\u201c<\/em> (Quelle: <a href=\"http:\/\/www.presseportal.de\/polizeipresse\/pm\/59458\/2197369\/pol-wl-schreckschuesse-vor-mehrfamilienhaus\" target=\"_blank\">presseportal.de\/polizeipresse<\/a>)<\/p>\n<p>Am Tatort wurden \u00fcbrigens H\u00fclsen einer Schreckschussmunition sicherstellen.<\/p>\n<p>Obwohl die T\u00e4ter unbekannt sind, warnt die Polizei <em>\u201evor einer drohenden Gewalt-Eskalation zwischen Links- und Rechtsextremen in Tostedt. \u201aDie j\u00fcngsten Entwicklungen beunruhigen uns sehr\u2019, sagte Uwe Lehne, Leiter der Polizeiinspektion Harburg [&#8230;]. Nachdem das Oberlandesgericht Celle das Urteil gegen den Rechtsextremen Stefan Silar aufgehoben hat [&#8230;], haben offenbar gezielte Provokationen aus der linken Szene zugenommen. Zuletzt griff die Polizei in der Nacht zu vergangenem Samstag<\/em> [18.02.2012] <em>eine Gruppe von 13 Mitgliedern der Antifa-Szene aus der gesamten Region auf. Bei der \u00dcberpr\u00fcfung der Personalien kam es zu einem Handgemenge, in dessen Folge ein Polizist st\u00fcrzte und sich den Arm brach. Ein anderer Beamter verletzte sich an der Hand [&#8230;] :\u201c<\/em> (Quelle: <a href=\"http:\/\/www.kreiszeitung.net\/uploads\/blaetterkatalog\/ausgabe\/mi\/nh\/22022012\/index.html\" target=\"_blank\">Kreiszeitung Nordheide Wochenblatt vom 22.2.2012<\/a> \u2013 Nr. 8 \u2013 41. Jg \u2013 S. 1)<\/p>\n<p>Der Polizeichef, Herr Lehne, ist bekanntlich <a href=\"https:\/\/www.willizblog.de\/?p=1731\" target=\"_blank\">auf dem rechten Auge stark kurzsichtig<\/a>, zumindest suggeriert die Aussage von Herrn Lehne, dass die Sch\u00fcsse von Mitgliedern der <a href=\"https:\/\/de.wikipedia.org\/wiki\/Antifa\" target=\"_blank\">Antifa<\/a> abgegeben wurden, obwohl dies nicht einmal ansatzweise belegt ist. Schreckschusswaffen werden im \u00dcbrigen gern in der rechten Szene benutzt (Der Neo-Nazi Silar hantierte verbotenerweise mit einer solchen Waffe).<\/p>\n<p>Wer hat also jetzt in Tostedt (im Ortsteil Todtgl\u00fcsingen) mehrmals vor dem Haus, in dem der Rechtsextreme Silar wohnt, geschossen? Einiges spricht durchaus f\u00fcr Mitglieder der linksgerichteten AntiFa. Nachdem die im Gemeinderat vertretenen Partei zu einer Demonstration gegen Rechts aufgerufen hatten und \u00fcber 1000 B\u00fcrger diesem Aufruf gefolgt waren (<a href=\"https:\/\/www.willizblog.de\/?p=5532\" target=\"_blank\">Tostedt wehrt sich gegen Neonazis<\/a>), sah sich die AntiFa wohl aufgefordert, selbst wieder \u201edas Heft in die Hand\u201c zu nehmen, sprich: eigene Aktionen gegen Silar und Co. durchzuf\u00fchren.<\/p>\n<p>Schaut man sich im Internet die einschl\u00e4gigen Websites der rechtsextremen Szene rund um Tostedt an, dann verwundert es schon, dass die Schussabgaben vor dem Silar-Haus mit keinem Wort erw\u00e4hnt werden. In <a href=\"http:\/\/logr.org\/tostedtgegenlinks\/\" target=\"_blank\">tostedtgegenlinks<\/a> findet sich als Letztes ein Bericht \u00fcber einen \u201ewiederholte[n] Farbanschlag auf das Gesch\u00e4ft Streetwear-Tostedt\u201c, also dem Laden von Herrn Silar. Mehr nicht. Und im <a href=\"http:\/\/www.infoportal-nordheide.net\/\" target=\"_blank\">infoportal-nordheide<\/a> wird zuletzt von der Razzia bei Mitgliedern der rechtsextremen Szene (u.a. auch in Tostedt \u2013 siehe unten) berichtet. Nichts von Sch\u00fcssen gegen Silar.<\/p>\n<p>Auf <a href=\"http:\/\/de.indymedia.org\/2012\/02\/324712.shtml\" target=\"_blank\">de.indymedia.org<\/a>, eine unabh\u00e4ngige Medienplattform, das von der linken Szene genutzt wird, findet sich ein interessanter Hinweis: Ist Herr Silar vielleicht ein <a href=\"https:\/\/de.wikipedia.org\/wiki\/V-Person\" target=\"_blank\">V-Mann<\/a> und kommen die Sch\u00fcsse gegen ihn wegen Rache aus der rechten Szene (die eben gern mit Schreckschusswaffen hantieren)? Einiges scheint tats\u00e4chlich f\u00fcr die Annahme zu sprechen, dass Silar ein V-Mann ist. Vielleicht erkl\u00e4rt sich so auch die erw\u00e4hnte Urteilsaufhebung. Wenn dem so ist, dann frage ich mich allerdings, ob man hier nicht \u201eden Bock zum G\u00e4rtner\u201c gemacht hat. Welche umstrittenen Rollen V-M\u00e4nner rund um die Ermittlungen zu den Taten der Zwickauer Terrorzelle gespielt haben, brauche ich nicht weiter zu erw\u00e4hnen.<\/p>\n<p>So gesehen spricht doch einiges daf\u00fcr, dass die Sch\u00fcsse von Rechtsradikalen abgegeben wurden. Vielleicht auch deshalb, um die linke Szene zu denunzieren. Denunziation ist ein \u201ebeliebtes\u201c Mittel der Rechten.<\/p>\n<p>Und da waren dann ja noch die Razzien gegen Mitglieder der rechtsextremen Szene. Wer nun glaubt, dass endlich mit Neo-Nazis und ihren Handlangern aufger\u00e4umt wird, muss sich allerdings mehr als get\u00e4uscht sehen. Worum ging es bei den Razzien?<\/p>\n<p><em>\u201eAm 17. Dezember war eine Gruppe schwarz gekleideter Personen durch Hamburg-Harburg gezogen.<\/em><br \/>\n<em>Die Demonstranten trugen wei\u00dfe Totenmasken und Fackeln. Sie skandierten rechte Parolen und bewegten sich in Marschordnung in Dreierreihen auf der Stra\u00dfe. Au\u00dferdem hatten sie Megaphone und ein Transparent dabei. Polizisten stoppten den Aufzug, mehrere Teilnehmer fl\u00fcchteten. In 17 F\u00e4llen konnten aber die Personalien festgestellt werden.\u201c<\/em> (Quelle: <a href=\"http:\/\/www.ndr.de\/regional\/razziarechts101.html\" target=\"_blank\">ndr.de\/regional<\/a>)<\/p>\n<p>Und genau bei diesen 17 Personen ermittelte nun die Staatsanwaltschaft Anfang M\u00e4rz <em>\u201ewegen des Verdachts des Versto\u00dfes gegen das Versammlungsgesetz und das Uniformierungsverbot gegen die drei Frauen und 14 M\u00e4nner. Die Razzia fand in den Hamburger Stadtteilen Ei\u00dfendorf und Wandsbek statt. In Niedersachsen wurden Wohnungen in Neu-Wulmsdorf, Hannover, Tostedt, Buchholz, Tarmstedt, Wistedt und Lilienthal durchsucht.<\/em><br \/>\n<em>Laut Hamburger Staatsanwalt fanden die Ermittler die Totenmasken und beschlagnahmten zudem Datentr\u00e4ger, Computer und schriftliche Unterlagen. Festgenommen wurde niemand.<\/em><br \/>\n<em>Die Versammlung im Dezember steht nach Polizeiangaben im Zusammenhang mit einer rechtsextremistischen Gruppe, die [&#8230;] auf ihrer Webseite anti-demokratische und rassistische Parolen verbreitet und deren  Aktionen durch wei\u00dfe Masken wiedererkennbar werden sollen.<\/em><br \/>\n<em>Laut Polizei werben Unterst\u00fctzer dieser Gruppe daf\u00fcr, an einer rechtsextremistischen Versammlung in der Hamburger Innenstadt Anfang Juni teilzunehmen.\u201c<\/em><\/p>\n<p>Ich hatte gehofft, dass die Razzien in Hamburg und Niedersachsen im Zusammenhang mit den <a href=\"http:\/\/www.abendblatt.de\/politik\/deutschland\/article2202656\/Polizei-stellt-bei-Grossrazzia-knapp-200-Waffen-sicher.html\" target=\"_blank\">Razzien in Bayern und Rheinland-Pfalz<\/a> st\u00fcnden, bei denen 61 Wohnungen von Rechtsextremisten durchsuchten wurden. Aber es ging \u201anur\u2019 um diesen rechten Flash-Mob kurz vor Weihnachten.<\/p>\n<p>In diesem Zusammenhang stellt sich die Frage, wie es mit Razzien in Herrn Silars Laden steht, der \u201eunter dem Ladentisch\u201c sicherlich auch Artikel verkauft, die aufgrund ihres neonazistischen Inhalts verboten sind. Denn solange Verdachtsmomente dieser Art bestehen, w\u00e4re es mehr als angebracht, Herrn Silar entsprechend auf dem Zahn zu f\u00fchlen. Wenn meine Informationen stimmen, dann wurden solche Razzien von Zeit zu Zeit durchgef\u00fchrt, wenn auch ohne Erfolg, da Silar zuvor \u201agewarnt\u2019 worden sein soll. Ob das nun im Zusammenhang mit einer angeblichen V-Mann-T\u00e4tigkeit Silars in Verbindung steht oder ob im schlimmsten Fall in Polizeikreisen Sympathisanten rechter Kreise arbeiten, vermag ich nat\u00fcrlich nicht zu sagen.<\/p>\n<p>In diesem Zusammenhang m\u00f6chte ich zuletzt noch auf einen weiteren Aspekt hinweisen: Neonazis geben sich immer wieder den Schein sozialen Engagements (z.B. Kinderschutzkampagne, \u201eAktiv gegen sexuelle Gewalt\u201c). Besonders Frauen sind mehr und mehr in die \u201aAufbauarbeit\u2019 der Rechtsextremen einbezogen; siehe folgenden Bericht aus der Kreiszeitung Nordheide Wochenblatt vom 25.2.2012:<\/p>\n<p><img src=\"https:\/\/www.willizblog.de\/blogpicts\/sozialer_schein_bei_neonazis.jpg\" alt=\"Sozialer Schein bei Neonazis\" title=\"Sozialer Schein bei Neonazis\" \/><\/p>\n<p>(Quelle: <a href=\"http:\/\/www.kreiszeitung.net\/uploads\/blaetterkatalog\/ausgabe\/sa\/nh\/25022012\/index.html\" target=\"_blank\">Kreiszeitung Nordheide Wochenblatt vom 25.2.2012<\/a> \u2013 Nr. 8a \u2013 41. Jg \u2013 S. 3)<\/p>\n","protected":false},"excerpt":{"rendered":"<p>Es ist schon etwas her, was in Tostedt, Ortsteil Todtgl\u00fcsingen geschah: Am Samstag, den 11.2., wurde lt. Polizeipresseartikel \u201egegen 23.45 Uhr [&#8230;] die Polizei in die Rosenstra\u00dfe gerufen. Dort war es vor einem Mehrfamilienhaus, in dem auch ein amtsbekannter Rechtsextremist wohnt, zu mehreren Schussabgaben gekommen. [&#8230;] Bei der Sachverhaltsaufnahme wurde bekannt, dass sich bereits am &hellip; <a href=\"https:\/\/willizblog.de\/?p=5688\" class=\"more-link\"><span class=\"screen-reader-text\">Kleinkrieg in Tostedt?<\/span> weiterlesen <span class=\"meta-nav\">&rarr;<\/span><\/a><\/p>\n","protected":false},"author":1,"featured_media":0,"comment_status":"open","ping_status":"open","sticky":false,"template":"","format":"standard","meta":[],"categories":[12,11],"tags":[],"_links":{"self":[{"href":"https:\/\/willizblog.de\/index.php?rest_route=\/wp\/v2\/posts\/5688"}],"collection":[{"href":"https:\/\/willizblog.de\/index.php?rest_route=\/wp\/v2\/posts"}],"about":[{"href":"https:\/\/willizblog.de\/index.php?rest_route=\/wp\/v2\/types\/post"}],"author":[{"embeddable":true,"href":"https:\/\/willizblog.de\/index.php?rest_route=\/wp\/v2\/users\/1"}],"replies":[{"embeddable":true,"href":"https:\/\/willizblog.de\/index.php?rest_route=%2Fwp%2Fv2%2Fcomments&post=5688"}],"version-history":[{"count":0,"href":"https:\/\/willizblog.de\/index.php?rest_route=\/wp\/v2\/posts\/5688\/revisions"}],"wp:attachment":[{"href":"https:\/\/willizblog.de\/index.php?rest_route=%2Fwp%2Fv2%2Fmedia&parent=5688"}],"wp:term":[{"taxonomy":"category","embeddable":true,"href":"https:\/\/willizblog.de\/index.php?rest_route=%2Fwp%2Fv2%2Fcategories&post=5688"},{"taxonomy":"post_tag","embeddable":true,"href":"https:\/\/willizblog.de\/index.php?rest_route=%2Fwp%2Fv2%2Ftags&post=5688"}],"curies":[{"name":"wp","href":"https:\/\/api.w.org\/{rel}","templated":true}]}}