{"id":569,"date":"2006-08-09T17:07:58","date_gmt":"2006-08-09T15:07:58","guid":{"rendered":"http:\/\/www.albinz.de\/blog\/?p=569"},"modified":"2006-08-09T17:16:08","modified_gmt":"2006-08-09T15:16:08","slug":"konigin-des-sports-leichtathletik","status":"publish","type":"post","link":"https:\/\/willizblog.de\/?p=569","title":{"rendered":"K\u00f6nigin des Sports: Leichtathletik"},"content":{"rendered":"<p>F\u00fcr mich ist und bleibt die Leichtathletik die K\u00f6nigin des Sports, Fu\u00dfball hin oder her. Vielleicht liegt der Grund darin, weil ich Individuelles bevorzuge, somit auch beim Sport. Viel Sport treibe ich nicht, aber am Wochenende zumindest jogge ich am fr\u00fchen Morgen meine Runden. Es kommt etwas Radfahren hinzu (so geht es ja auch dieser Tage mit meinen Lieben auf <a href=\"https:\/\/www.willizblog.de\/?p=558\">Radtour nach Fehmarn<\/a>, sp\u00e4ter mehr dar\u00fcber).<\/p>\n<p><img src=\"https:\/\/www.albinz.net\/images\/zielfoto.jpg\" alt=\"Zielfoto\" \/><\/p>\n<p>Bis zum 13. August nun findet die Europameisterschaft in der Leichtathletik im schwedischen G\u00f6teborg statt. Und bereits nach zwei Tagen haben deutsche Individualisten zwei Goldmedaillen eingeheimst: Gold im Kugelsto\u00dfen durch Ralf Bartels und ein wirklich \u00fcberraschender Sieg von Jan Fitschen \u00fcber 10.000 Meter. Gratulation den beiden. Mit vielen Medaillen rechnet eigentlich keiner f\u00fcr die deutsche Mannschaft. So ist jeder gute Platz schon genug.<\/p>\n<p><a href=\"http:\/\/www.goteborg.com\/default.aspx?id=5576\" target=\"_blank\">Offizielle Website der Leichtathletik EM G\u00f6teborg 2006<\/a><br \/>\n<a href=\"http:\/\/www.ndr.de\/la2006\/\" target=\"_blank\">G\u00f6teborg EM 2006 bei der ARD<\/a><\/p>\n","protected":false},"excerpt":{"rendered":"<p>F\u00fcr mich ist und bleibt die Leichtathletik die K\u00f6nigin des Sports, Fu\u00dfball hin oder her. Vielleicht liegt der Grund darin, weil ich Individuelles bevorzuge, somit auch beim Sport. Viel Sport treibe ich nicht, aber am Wochenende zumindest jogge ich am fr\u00fchen Morgen meine Runden. Es kommt etwas Radfahren hinzu (so geht es ja auch dieser &hellip; <a href=\"https:\/\/willizblog.de\/?p=569\" class=\"more-link\"><span class=\"screen-reader-text\">K\u00f6nigin des Sports: Leichtathletik<\/span> weiterlesen <span class=\"meta-nav\">&rarr;<\/span><\/a><\/p>\n","protected":false},"author":1,"featured_media":0,"comment_status":"closed","ping_status":"closed","sticky":false,"template":"","format":"standard","meta":[],"categories":[4],"tags":[],"_links":{"self":[{"href":"https:\/\/willizblog.de\/index.php?rest_route=\/wp\/v2\/posts\/569"}],"collection":[{"href":"https:\/\/willizblog.de\/index.php?rest_route=\/wp\/v2\/posts"}],"about":[{"href":"https:\/\/willizblog.de\/index.php?rest_route=\/wp\/v2\/types\/post"}],"author":[{"embeddable":true,"href":"https:\/\/willizblog.de\/index.php?rest_route=\/wp\/v2\/users\/1"}],"replies":[{"embeddable":true,"href":"https:\/\/willizblog.de\/index.php?rest_route=%2Fwp%2Fv2%2Fcomments&post=569"}],"version-history":[{"count":0,"href":"https:\/\/willizblog.de\/index.php?rest_route=\/wp\/v2\/posts\/569\/revisions"}],"wp:attachment":[{"href":"https:\/\/willizblog.de\/index.php?rest_route=%2Fwp%2Fv2%2Fmedia&parent=569"}],"wp:term":[{"taxonomy":"category","embeddable":true,"href":"https:\/\/willizblog.de\/index.php?rest_route=%2Fwp%2Fv2%2Fcategories&post=569"},{"taxonomy":"post_tag","embeddable":true,"href":"https:\/\/willizblog.de\/index.php?rest_route=%2Fwp%2Fv2%2Ftags&post=569"}],"curies":[{"name":"wp","href":"https:\/\/api.w.org\/{rel}","templated":true}]}}