{"id":5696,"date":"2012-03-14T10:26:09","date_gmt":"2012-03-14T09:26:09","guid":{"rendered":"http:\/\/www.willizblog.de\/?p=5696"},"modified":"2012-03-14T10:28:59","modified_gmt":"2012-03-14T09:28:59","slug":"deutschlandhalle-berlin-%e2%80%93-emerson-lake-palmer-1972","status":"publish","type":"post","link":"https:\/\/willizblog.de\/?p=5696","title":{"rendered":"Deutschlandhalle Berlin \u2013 Emerson, Lake &#038; Palmer 1972"},"content":{"rendered":"<p>Im Juni 1972, also vor fast 40 Jahren, war ich mit meinem Ausbildungslehrgang f\u00fcr f\u00fcnf Tage in Berlin. Berlin war in den 70er und 80er Jahren sehr beliebt f\u00fcr solche Lehrgangs- und Klassenfahrten, da es durch die besondere Lage West-Berlins ziemlich hohe Zusch\u00fcsse f\u00fcr solche Fahrten gab. Daf\u00fcr musste man sich aber mindestens einen l\u00e4ngeren Vortrag \u00fcber die Stadt im Umfeld der DDR anh\u00f6ren.<\/p>\n<p><img src=\"https:\/\/www.willizblog.de\/blogpicts\/berlin_1972_06_06_ELP_deutschlandhalle.jpg\" alt=\"Emerson, Lake &#038; Palmer: Deutschlandhalle 06.06.1972\" title=\"Emerson, Lake &#038; Palmer: Deutschlandhalle 06.06.1972\" \/><\/p>\n<p>In dieser Woche nun, gab es gleich zwei Konzerte von <a href=\"https:\/\/de.wikipedia.org\/wiki\/Emerson,_Lake_and_Palmer\" target=\"_blank\">Emerson. Lake &#038; Palmer (ELP)<\/a> in der Stadt, eines in der <a href=\"https:\/\/de.wikipedia.org\/wiki\/Deutschlandhalle\" target=\"_blank\">Deutschlandhalle<\/a> und eines drau\u00dfen unter freiem Himmel in der <a href=\"https:\/\/de.wikipedia.org\/wiki\/Berliner_Waldb%C3%BChne\" target=\"_blank\">Waldb\u00fchne<\/a>. ELP war eine Supergroup des Progressive Rocks und besonders durch die Keyboards von Keith Emerson gepr\u00e4gt. Dieser neigte gewisserma\u00dfen zum Gr\u00f6\u00dfenwahn, was sich nicht nur in einer \u00fcbergro\u00dfen <a href=\"https:\/\/de.wikipedia.org\/wiki\/Beschallungsanlage\" target=\"_blank\">PA-Anlage<\/a> und unz\u00e4hligen Tasteninstrumenten auf der B\u00fchne zeigte, sondern auch in seinem Vortrag. Trotzdem war es nat\u00fcrlich beeindruckend, die drei live mitzuerleben. Aus dem umfangreichen Gesamtwerk der Gruppe ragt das Livealbum <a href=\"https:\/\/de.wikipedia.org\/wiki\/Pictures_at_an_Exhibition_%28Emerson,_Lake_%26_Palmer%29\" target=\"_blank\">Pictures At An Exhibition<\/a> heraus, auf dem ELP die <a href=\"https:\/\/de.wikipedia.org\/wiki\/Bilder_einer_Ausstellung\" target=\"_blank\">Bilder einer Ausstellung<\/a> des russischen Komponisten <a href=\"https:\/\/de.wikipedia.org\/wiki\/Modest_Petrowitsch_Mussorgski\" target=\"_blank\">Modest Mussorgski<\/a> neu interpretierten.<\/p>\n<p><iframe loading=\"lazy\" width=\"420\" height=\"315\" src=\"https:\/\/www.youtube.com\/embed\/-B3UrB_dex8\" frameborder=\"0\" allowfullscreen><\/iframe><br \/>\nEMERSON LAKE &#038; PALMER (ELP) &#8211; Knife Edge <\/p>\n<p><iframe loading=\"lazy\" width=\"420\" height=\"315\" src=\"https:\/\/www.youtube.com\/embed\/5Hldl0-QBa4\" frameborder=\"0\" allowfullscreen><\/iframe><br \/>\nEmerson, Lake &#038; Palmer Pictures at an Exhibition (Part 2 of 4) 12-9-70 Lyceum<\/p>\n<p>Sowohl die Waldb\u00fchne wie auch die Deutschlandhalle, 1935 \u201egr\u00f6\u00dfte Mehrzweckhalle der Welt\u201c, stammen aus der Zeit des Nationalsozialismus und wurden zu den Olympischen Spielen 1936 gebaut. Die Deutschlandhalle wurde 1943 nach einem Luftangriff zerst\u00f6rt, nach dem zweiten Weltkrieg aber wieder aufgebaut. Obwohl die Halle unter Denkmalschutz steht, soll sie nun endg\u00fcltig abgerissen werden. Mit der <a href=\"http:\/\/www.bz-berlin.de\/bezirk\/charlottenburg\/deutschlandhalle-sprengung-im-video-article1332806.html\" target=\"_blank\"><strong>Sprengung der Hallendecke<\/strong><\/a> am 3. Dezember 2011 begann die letzte Phase der Abrissarbeiten.<\/p>\n<p>Die 117 Meter lange und 83 Meter breite Stahlkonstruktion bot Platz f\u00fcr bis zu 10.000 Zuschauer; unter Ausnutzung des Innenraums passten bis zu 16.000 Menschen hinein. Zuvor war ich in keiner gr\u00f6\u00dferen Halle gewesen; empfand die Halle zwar als zweckm\u00e4\u00dfig, aber auch als reichlich steril. Die Akustik war f\u00fcr eine solche Halle nicht allzu schlecht. Nun ich war nur einmal in der Halle, an diesem besagten 6. Juni 1972, aber wenn man vom Abriss eines solchen Geb\u00e4udes h\u00f6rt, dann erinnert man sich doch an die alten Tage. Immerhin fanden neben dem ELP-Konzert hier auch <a href=\"http:\/\/www.rockinberlin.de\/index.php?title=Deutschlandhalle\" target=\"_blank\">viele andere Rock-Konzerte<\/a> statt, so auch dreimal mit Jethro Tull: am <a href=\"http:\/\/www.rockinberlin.de\/index.php?title=24._Januar_1971_Jethro_Tull\" target=\"_blank\">24. Januar 1971<\/a> zuerst, dann am <a href=\"http:\/\/www.rockinberlin.de\/index.php?title=18._Januar_1972_Jethro_Tull\" target=\"_blank\">18. Januar 1972<\/a> und nochmals am <a href=\"http:\/\/www.rockinberlin.de\/index.php?title=5._April_1982_Jethro_Tull\" target=\"_blank\">5. April 1982<\/a>.<\/p>\n<p><iframe loading=\"lazy\" width=\"420\" height=\"315\" src=\"https:\/\/www.youtube.com\/embed\/WEbfIFVDphw\" frameborder=\"0\" allowfullscreen><\/iframe><br \/>\nSprengung des Dachs der Deutschlandhalle <\/p>\n<p>Hier noch eine Audio-Aufnahme von einem Konzert mit Jim Hendrix vom 4. September 1970 \u2013 eben in dieser Deutschlandhalle:<\/p>\n<p><iframe loading=\"lazy\" width=\"420\" height=\"315\" src=\"https:\/\/www.youtube.com\/embed\/dhPRIM6Wvxs\" frameborder=\"0\" allowfullscreen><\/iframe><br \/>\nAudio Recorded Love JIMI Live @ <a href=\"http:\/\/www.rockinberlin.de\/index.php?title=4._September_1970_Super_Concert\" target=\"_blank\">The &#8218;Super Concert 70&#8216;<\/a>, Deutschlandhalle, Berlin (West), Germany on September 4th 1970<\/p>\n","protected":false},"excerpt":{"rendered":"<p>Im Juni 1972, also vor fast 40 Jahren, war ich mit meinem Ausbildungslehrgang f\u00fcr f\u00fcnf Tage in Berlin. Berlin war in den 70er und 80er Jahren sehr beliebt f\u00fcr solche Lehrgangs- und Klassenfahrten, da es durch die besondere Lage West-Berlins ziemlich hohe Zusch\u00fcsse f\u00fcr solche Fahrten gab. Daf\u00fcr musste man sich aber mindestens einen l\u00e4ngeren &hellip; <a href=\"https:\/\/willizblog.de\/?p=5696\" class=\"more-link\"><span class=\"screen-reader-text\">Deutschlandhalle Berlin \u2013 Emerson, Lake &#038; Palmer 1972<\/span> weiterlesen <span class=\"meta-nav\">&rarr;<\/span><\/a><\/p>\n","protected":false},"author":1,"featured_media":0,"comment_status":"open","ping_status":"open","sticky":false,"template":"","format":"standard","meta":[],"categories":[5,10],"tags":[],"_links":{"self":[{"href":"https:\/\/willizblog.de\/index.php?rest_route=\/wp\/v2\/posts\/5696"}],"collection":[{"href":"https:\/\/willizblog.de\/index.php?rest_route=\/wp\/v2\/posts"}],"about":[{"href":"https:\/\/willizblog.de\/index.php?rest_route=\/wp\/v2\/types\/post"}],"author":[{"embeddable":true,"href":"https:\/\/willizblog.de\/index.php?rest_route=\/wp\/v2\/users\/1"}],"replies":[{"embeddable":true,"href":"https:\/\/willizblog.de\/index.php?rest_route=%2Fwp%2Fv2%2Fcomments&post=5696"}],"version-history":[{"count":0,"href":"https:\/\/willizblog.de\/index.php?rest_route=\/wp\/v2\/posts\/5696\/revisions"}],"wp:attachment":[{"href":"https:\/\/willizblog.de\/index.php?rest_route=%2Fwp%2Fv2%2Fmedia&parent=5696"}],"wp:term":[{"taxonomy":"category","embeddable":true,"href":"https:\/\/willizblog.de\/index.php?rest_route=%2Fwp%2Fv2%2Fcategories&post=5696"},{"taxonomy":"post_tag","embeddable":true,"href":"https:\/\/willizblog.de\/index.php?rest_route=%2Fwp%2Fv2%2Ftags&post=5696"}],"curies":[{"name":"wp","href":"https:\/\/api.w.org\/{rel}","templated":true}]}}