{"id":57,"date":"2005-03-02T17:31:25","date_gmt":"2005-03-02T16:31:25","guid":{"rendered":"http:\/\/www.albinz.de\/blog\/?p=57"},"modified":"2005-10-20T11:38:09","modified_gmt":"2005-10-20T09:38:09","slug":"globalisierung","status":"publish","type":"post","link":"https:\/\/willizblog.de\/?p=57","title":{"rendered":"Globalisierung"},"content":{"rendered":"<p>Es ist noch nicht so lange her, da wurden Globalisierungsgegner als ewig Gestrige defamiert. Man solle nur an die M\u00e4rkte  denken, die sich da f\u00fcr die deutsche Wirtschaft auftun. Gerade in der Globalisierung liegen unsere Chancen.<\/p>\n<p>Und so reist unser Bundeskanzler nicht nur nach China, sondern auch nach Saudi-Arabien und weitere \u00d6lstaaten in der Golfregion. Die mitreisenden Topmanager bringen Milliardenauftr\u00e4ge im Handgep\u00e4ck nach Hause.<\/p>\n<p>Vielen Dank, Herr Bundeskanzler! Viele Auftr\u00e4ge bedeuten viel Arbeit f\u00fcr deutsche Arbeitnehmer. F\u00fcr deutsche Arbeitnehmer? Globalisierung ist das Erschlie\u00dfen von neuen M\u00e4rkten, auch Arbeitsm\u00e4rkten! Und so darf man sich nicht wundern, wenn deutsche Firmen Milliardenauftr\u00e4ge nach Hause tragen, die dann im Ausland ausgef\u00fchrt werden.<\/p>\n<p>Inzwischen zeigt sich, dass die Kritik an der Globalisierung mehr als berechtigt ist. Und die Auswirkungen haben auch wir zu sp\u00fcren durch den drastischen Abbau des Sozialstaates und Massenarbeitslosigkeit, da die Mechanismen zur Regulierung des Arbeitsmarktes nur noch global &#8218;wirken&#8216;. Jede nationale Arbeitsmarktpolitik wird dadurch letztendlich hinf\u00e4llig oder zeigt nur punktuell Wirkung, ein Tatbestand, der gern durch &#8218;mahnende&#8216; Worte eher vertuscht als aufgedeckt wird:<\/p>\n<p>Die fetten Jahre sind eben vorbei. Die soziale Marktwirtschaft stehe auf dem Abstellgleis.<\/p>\n<p>Auf zfd.de gibt es eine <a href=\"http:\/\/www.heute.de\/ZDFheute\/inhalt\/3\/0,3672,2260995,00.html\" target=\"_blank\">Serie: Vision Deutschland<\/a>. Hier schrieben u.a. <a href=\"http:\/\/www.heute.de\/ZDFheute\/inhalt\/28\/0,3672,2265340,00.html\" target=\"_blank\">Moritz Freiherr von Knigge und Michael Schellberg<\/a>: <\/p>\n<p>&#8222;Im Gegensatz zur freien Marktwirtschaft erschlie\u00dft sich Freiheit in einer sozialen Marktwirtschaft erst in Bezug auf  Gerechtigkeit, Toleranz und Solidarit\u00e4t. Jegliches politisches, wirtschaftliches und gesellschaftliches Handeln, auch oder insbesondere in Krisenzeiten, muss sich anhand dieses demokratischen Grundverst\u00e4ndnis messen lassen.&#8220;<\/p>\n<p>Angesichts der Machtgier der Politiker und der Raffgier von Wirtschaftsbossen ist das ein frommer Wunsch!<\/p>\n","protected":false},"excerpt":{"rendered":"<p>Es ist noch nicht so lange her, da wurden Globalisierungsgegner als ewig Gestrige defamiert. Man solle nur an die M\u00e4rkte denken, die sich da f\u00fcr die deutsche Wirtschaft auftun. Gerade in der Globalisierung liegen unsere Chancen. Und so reist unser Bundeskanzler nicht nur nach China, sondern auch nach Saudi-Arabien und weitere \u00d6lstaaten in der Golfregion. &hellip; <a href=\"https:\/\/willizblog.de\/?p=57\" class=\"more-link\"><span class=\"screen-reader-text\">Globalisierung<\/span> weiterlesen <span class=\"meta-nav\">&rarr;<\/span><\/a><\/p>\n","protected":false},"author":1,"featured_media":0,"comment_status":"closed","ping_status":"closed","sticky":false,"template":"","format":"standard","meta":[],"categories":[12,2],"tags":[],"_links":{"self":[{"href":"https:\/\/willizblog.de\/index.php?rest_route=\/wp\/v2\/posts\/57"}],"collection":[{"href":"https:\/\/willizblog.de\/index.php?rest_route=\/wp\/v2\/posts"}],"about":[{"href":"https:\/\/willizblog.de\/index.php?rest_route=\/wp\/v2\/types\/post"}],"author":[{"embeddable":true,"href":"https:\/\/willizblog.de\/index.php?rest_route=\/wp\/v2\/users\/1"}],"replies":[{"embeddable":true,"href":"https:\/\/willizblog.de\/index.php?rest_route=%2Fwp%2Fv2%2Fcomments&post=57"}],"version-history":[{"count":0,"href":"https:\/\/willizblog.de\/index.php?rest_route=\/wp\/v2\/posts\/57\/revisions"}],"wp:attachment":[{"href":"https:\/\/willizblog.de\/index.php?rest_route=%2Fwp%2Fv2%2Fmedia&parent=57"}],"wp:term":[{"taxonomy":"category","embeddable":true,"href":"https:\/\/willizblog.de\/index.php?rest_route=%2Fwp%2Fv2%2Fcategories&post=57"},{"taxonomy":"post_tag","embeddable":true,"href":"https:\/\/willizblog.de\/index.php?rest_route=%2Fwp%2Fv2%2Ftags&post=57"}],"curies":[{"name":"wp","href":"https:\/\/api.w.org\/{rel}","templated":true}]}}