{"id":570,"date":"2006-08-17T17:44:10","date_gmt":"2006-08-17T15:44:10","guid":{"rendered":"http:\/\/www.albinz.de\/blog\/?p=570"},"modified":"2011-02-24T10:16:20","modified_gmt":"2011-02-24T09:16:20","slug":"das-spate-gestandnis-des-gunter-grass","status":"publish","type":"post","link":"https:\/\/willizblog.de\/?p=570","title":{"rendered":"Das sp\u00e4te Gest\u00e4ndnis des G\u00fcnter Grass"},"content":{"rendered":"<p>Es hei\u00dft, <a href=\"https:\/\/de.wikipedia.org\/wiki\/G%C3%BCnter_Grass\" target=\"_blank\">G\u00fcnter Grass<\/a> sei durch sein Eingest\u00e4ndnis, in der Waffen-SS gedient zu haben, <a href=\"http:\/\/www.heute.de\/ZDFheute\/inhalt\/8\/0,3672,3967976,00.html\" target=\"_blank\">bevorstehenden Enth\u00fcllungen<\/a> aus Stasi-Akten zuvorgekommen. Bisher war in seiner Biografie lediglich zu lesen, dass er am Ende des 2. Weltkrieges als Flakhelfer t\u00e4tig war.<\/p>\n<p>Ich gebe zu, dass mich dieses so sp\u00e4te Eingest\u00e4ndnis zun\u00e4chst sehr irritiert hat. G\u00fcnter Grass&#8216; schriftstellerisches Werk habe ich genossen, sei es die Blechtrommel, der Butt oder sein kleines Geschichtenbuch &#8218;Mein Jahrhundert&#8216;. Sein politisches Engagement in Sachen Auss\u00f6hnung mit dem Osten, sein unerm\u00fctliches Mahnen, die Gr\u00e4uel der Nazizeit nicht zu vergessen, haben ihn zu einer moralischen Instanz in Deutschland werden lassen, die besonders im Ausland f\u00fcr Aufmerksamkeit sorgte. Der Lohn war u.a. der Nobelpreis f\u00fcr Literatur.<\/p>\n<p>Und nun das sp\u00e4te Gest\u00e4ndnis, dass er als 17-J\u00e4hriger freiwillig der <a href=\"https:\/\/de.wikipedia.org\/wiki\/Waffen-SS\" target=\"_blank\">Waffen-SS<\/a> beigetreten sei, einer paramilit\u00e4rischen Organisation, der man besonders schwere Kriegsverbrechen zur Last legt. Er beteuert glaubhaft, an keinem Verbrechen teilgenommen zu haben. Aber allein die Mitgliedschaft wirft einen sehr dunklen Schatten auf den Menschen G\u00fcnter Grass. Und selbst wenn man es als verzeihliche Jugends\u00fcnde abtun mag, so bleibt der Vorwurf, dieses Eingest\u00e4ndnis erst so sp\u00e4t publik gemacht zu haben.<\/p>\n<p>In <a href=\"http:\/\/www.heute.de\/ZDFforum\/ZDFheute\/inhalt\/30\/0,3672,3968190,00\/\" target=\"_blank\">einem Forum<\/a> zum Gest\u00e4ndnis des G\u00fcnter Grass bei zdf.de las ich nun folgende Stellungnahme:<\/p>\n<p><em>Es geht f\u00fcr mich nicht darum, was jemand im Alter von 17 Jahren begreift oder nicht begreift. F\u00fcr mich ganz pers\u00f6nlich geht es nur darum, ob jemand \u00fcber seine Fehler reflektiert, Einsicht hat und den Mut mit dieser Einsicht Konsequenzen zu ziehen. Ich habe Grass&#8216; Kritik an anderen stets so verstanden, dass diese bis heute nicht verstehen. Diese Kritik von Grass ist f\u00fcr mich nach wie vor ein elementarer Beitrag zur Aufarbeitung der menschlichen Seele, des menschlichen Charakters. Zudem bin ich dankbar, dass es solch intellektuelle Gr\u00f6\u00dfen wie Grass gibt.<\/em><\/p>\n<p>Ich kann dem nur zustimmen, auch wenn ich nicht immer der gleichen Meinung wie G\u00fcnter Grass war. Die Mitgliedschaft zur Waffen-SS hat G\u00fcnter Grass bei der Gefangenennahme im Mai 1945 durch die Amerikaner in einer &#8218;Erkl\u00e4rung des Kriegsgefangenen&#8216; dokumentiert. Dieses Dokument ist bis heute allgemein zug\u00e4ngig. Der als Vorwurf ge\u00e4u\u00dferte Hinweis, Grass w\u00e4re mit seinem so sp\u00e4ten Eingest\u00e4ndnis nur einer bevorstehenden Ver\u00f6ffentlichung von Stasi-Akten, die ebenfalls die Waffen-SS-Vergangenheit nachweisen, zuvorgekommen, ist ziemlich weit hergeholt. Dann h\u00e4tte Grass seine Autobiografie <a href=\"https:\/\/www.amazon.de\/exec\/obidos\/ASIN\/\/3865213308\/familiealbin-21\" target=\"_blank\">&#8222;Beim H\u00e4uten der Zwiebel&#8220;<\/a> ja \u00fcber Nacht schreiben m\u00fcssen. In einem ARD-Interview sagte er dazu: &#8222;In diesem Buch, da ist es Thema, ich habe drei Jahre daran gearbeitet, und da steht alles, was ich zu der Sache zu sagen habe. Wer richten will, mag richten.&#8220; <\/p>\n<p><img src=\"https:\/\/www.albinz.net\/images\/guenter_grass_pow.jpg\" alt=\"Auszug aus G\u00fcnter Grass' Kriegsgefangenenakte\" \/><br \/>\nAuszug aus der &#8218;Erkl\u00e4rung des Kriegsgefangenen&#8216; von G\u00fcnter Grass<\/p>\n<p>Dass Grass aus Scham geschwiegen hat, nehme ich ihm gern ab. Wer geht schon mit einem solchen dunklen Abschnitt seiner Biografie hausieren. Und wie kein anderer wird Grass selbst wissen, dass sein Gest\u00e4ndnis sehr sp\u00e4t gekommen ist, ich denke aber &#8211; nicht zu sp\u00e4t!\n<\/p>\n<p>u.a. siehe auch <a href=\"http:\/\/www.heute.de\/ZDFheute\/inhalt\/4\/0,3672,3968708,00.html\" target=\"_blank\">zdf.de<\/a><\/p>\n","protected":false},"excerpt":{"rendered":"<p>Es hei\u00dft, G\u00fcnter Grass sei durch sein Eingest\u00e4ndnis, in der Waffen-SS gedient zu haben, bevorstehenden Enth\u00fcllungen aus Stasi-Akten zuvorgekommen. Bisher war in seiner Biografie lediglich zu lesen, dass er am Ende des 2. Weltkrieges als Flakhelfer t\u00e4tig war. Ich gebe zu, dass mich dieses so sp\u00e4te Eingest\u00e4ndnis zun\u00e4chst sehr irritiert hat. G\u00fcnter Grass&#8216; schriftstellerisches Werk &hellip; <a href=\"https:\/\/willizblog.de\/?p=570\" class=\"more-link\"><span class=\"screen-reader-text\">Das sp\u00e4te Gest\u00e4ndnis des G\u00fcnter Grass<\/span> weiterlesen <span class=\"meta-nav\">&rarr;<\/span><\/a><\/p>\n","protected":false},"author":1,"featured_media":0,"comment_status":"closed","ping_status":"closed","sticky":false,"template":"","format":"standard","meta":[],"categories":[3],"tags":[],"_links":{"self":[{"href":"https:\/\/willizblog.de\/index.php?rest_route=\/wp\/v2\/posts\/570"}],"collection":[{"href":"https:\/\/willizblog.de\/index.php?rest_route=\/wp\/v2\/posts"}],"about":[{"href":"https:\/\/willizblog.de\/index.php?rest_route=\/wp\/v2\/types\/post"}],"author":[{"embeddable":true,"href":"https:\/\/willizblog.de\/index.php?rest_route=\/wp\/v2\/users\/1"}],"replies":[{"embeddable":true,"href":"https:\/\/willizblog.de\/index.php?rest_route=%2Fwp%2Fv2%2Fcomments&post=570"}],"version-history":[{"count":0,"href":"https:\/\/willizblog.de\/index.php?rest_route=\/wp\/v2\/posts\/570\/revisions"}],"wp:attachment":[{"href":"https:\/\/willizblog.de\/index.php?rest_route=%2Fwp%2Fv2%2Fmedia&parent=570"}],"wp:term":[{"taxonomy":"category","embeddable":true,"href":"https:\/\/willizblog.de\/index.php?rest_route=%2Fwp%2Fv2%2Fcategories&post=570"},{"taxonomy":"post_tag","embeddable":true,"href":"https:\/\/willizblog.de\/index.php?rest_route=%2Fwp%2Fv2%2Ftags&post=570"}],"curies":[{"name":"wp","href":"https:\/\/api.w.org\/{rel}","templated":true}]}}