{"id":571,"date":"2006-08-18T18:58:46","date_gmt":"2006-08-18T16:58:46","guid":{"rendered":"http:\/\/www.albinz.de\/blog\/?p=571"},"modified":"2006-08-18T18:58:46","modified_gmt":"2006-08-18T16:58:46","slug":"fahrradtour-2006-nach-fehmarn-teil-1-fahrroute","status":"publish","type":"post","link":"https:\/\/willizblog.de\/?p=571","title":{"rendered":"Fahrradtour 2006 nach Fehmarn &#8211; Teil 1: Fahrroute"},"content":{"rendered":"<p>Am Donnerstag, den 10. August, starteten ich mit meinen Lieben (Frau und zwei S\u00f6hnen), einem Schulfreund meines \u00e4ltesten Sohnes (Philipp) und meinem Schwager Manfred, der schon immer mit meinen S\u00f6hnen eine Radtour machen wollte, eine Fahrradtour nach Fehmarn. Mit dem Wetter hatten wir &#8211; zumindest w\u00e4hrend der eigentlichen Tour &#8211; Gl\u00fcck: Es blieb fast durchgehend trocken. Die Insel Fehmarn selbst war leider nicht die bekannte Sonneninsel, sondern zeigte sich von ihrer schlechten Seite: Zwei volle Tage Regen und Sturm.<\/p>\n<p>Von <a href=\"https:\/\/www.willizblog.de\/?cat=11\" target=\"_blank\">Tostedt<\/a> ging es am Morgen los \u00fcber Jesteburg und Stelle an die Elbe, bei Hoopte mit der letzten <a href=\"http:\/\/www.faehre-zollenspieker.de\/\" target=\"_blank\">Elb-Autof\u00e4hre<\/a> ans andere Elbufer, dort \u00fcber Altengamme und Geesthacht durch den Forst Gr\u00fcnhof mit einigen Steigungen nach <a href=\"http:\/\/www.lauenburg.de\/\" target=\"_blank\">Lauenburg<\/a>. Dort n\u00e4chtigten wir sechs in der Jugendherberge. Strecke: 76 km.<\/p>\n<p>Am n\u00e4chsten Tag ging es dann weiter am <a href=\"https:\/\/de.wikipedia.org\/wiki\/Elbe-L%C3%BCbeck-Kanal\" target=\"_blank\">Elbe-L\u00fcbeck-Kanal<\/a>, dem alten Salzweg, der von L\u00fcneburg, der Salzstadt, \u00fcber Lauenburg nach <a href=\"http:\/\/www.luebeck.de\/\" target=\"_blank\">L\u00fcbeck<\/a> f\u00fchrte, entlang \u00fcber M\u00f6lln (Mittagsrast) nach L\u00fcbeck. Auch hier fanden wir Unterkunft in der Jugendherberge. Strecke 79 km.<\/p>\n<table border=\"0\" cellpadding=\"5\" cellspacing=\"0\" width=\"100%\">\n<tr>\n<td width=\"50%\" align=\"center\"><img loading=\"lazy\" border=\"0\" src=\"https:\/\/www.albinz.net\/images\/radtour_fehmarn01.jpg\" alt=\"Fehmarnradtour 2006: Unterwegs eine Panne\" width=\"300\" height=\"201\"><\/td>\n<td width=\"50%\" align=\"center\"><img loading=\"lazy\" border=\"0\" src=\"https:\/\/www.albinz.net\/images\/radtour_fehmarn02.jpg\" alt=\"Fehmarnradtour 2006: Pause in Hoopte an der Elbe\" width=\"300\" height=\"201\"><\/td>\n<\/tr>\n<tr>\n<td width=\"50%\" align=\"center\"><font face=\"Lucida Grande, Lucida Sans Unicode, Verdana, sans-serif\" size=\"2\">Fehmarnradtour 2006: Unterwegs eine Panne<\/font><\/td>\n<td width=\"50%\" align=\"center\"><font face=\"Lucida Grande, Lucida Sans Unicode, Verdana, sans-serif\" size=\"2\">Fehmarnradtour 2006: Pause in Hoopte an der Elbe<\/font><\/td>\n<\/tr>\n<tr>\n<td width=\"50%\" align=\"center\"><img loading=\"lazy\" border=\"0\" src=\"https:\/\/www.albinz.net\/images\/radtour_fehmarn03.jpg\" alt=\"Fehmarnradtour 2006: Bei Hoopte mit der F\u00e4hre \u00fcber die Elbe\" width=\"300\" height=\"201\"><\/td>\n<td width=\"50%\" align=\"center\"><img loading=\"lazy\" border=\"0\" src=\"https:\/\/www.albinz.net\/images\/radtour_fehmarn04.jpg\" alt=\"Fehmarnradtour 2006: Fehmarnsundbr\u00fccke\" width=\"300\" height=\"201\"><\/td>\n<\/tr>\n<tr>\n<td width=\"50%\" align=\"center\"><font face=\"Lucida Grande, Lucida Sans Unicode, Verdana, sans-serif\" size=\"2\">Fehmarnradtour 2006: Bei Hoopte mit der F\u00e4hre \u00fcber die Elbe<\/font><\/td>\n<td width=\"50%\" align=\"center\"><font face=\"Lucida Grande, Lucida Sans Unicode, Verdana, sans-serif\" size=\"2\">Fehmarnradtour 2006: Fehmarnsundbr\u00fccke<\/font><\/td>\n<\/tr>\n<\/table>\n<p>Mit meiner Frau und meinem J\u00fcngsten Lukas blieben wir den n\u00e4chsten halben Tag in L\u00fcbeck und schauten uns die Altstadt an. Im Cafe Niederegger a\u00dfen wir ein leckeres Eis. Am Nachmittag fuhren wir dann mit dem Zug nach <a href=\"http:\/\/www.oldenburg-holstein.de\/\" target=\"_blank\">Oldenburg\/Holstein<\/a>. Manfred fuhr unterdessen mit meinem \u00c4ltesten Jan und seinem Kumpel Philipp mit dem Rad nach Oldenburg. Die Nacht blieben wir wieder in einer Jugendherberge. Strecke: 68 km.<\/p>\n<p>Das n\u00e4chste Ziel war dann von Oldenburg\/Holstein aus endlich <a href=\"http:\/\/www.fehmarn-info.de\/\" target=\"_blank\">Fehmarn<\/a>. Im Nordwesten der Insel hatten wir eine Ferienwohnung f\u00fcr drei N\u00e4chte gebucht. Bis <a href=\"http:\/\/www.fehmarn.ost-see-urlaub.de\/westermarkelsdorf\/westermarkelsdorf.htm\" target=\"_blank\">Westermarkelsdorf<\/a> waren es dann noch einmal gut 46 km.<\/p>\n<p>Leider waren die zwei Tage, die wir nun hatten, und die wir zur weiteren Erkundung der Insel nutzen wollten, bei starkem Sturm verregnet. So nutzten wir die Zeit, um am Strand spazieren zu gehen, in einem Hallenbad unsere Runden zu ziehen und uns auszuruhen. Am letzten Tag ging es dann von Puttgarden (von Westermarkelsdorf gut 16 km entfernt) mit der Bahn \u00fcber L\u00fcbeck und Hamburg zur\u00fcck nach Tostedt.<\/p>\n","protected":false},"excerpt":{"rendered":"<p>Am Donnerstag, den 10. August, starteten ich mit meinen Lieben (Frau und zwei S\u00f6hnen), einem Schulfreund meines \u00e4ltesten Sohnes (Philipp) und meinem Schwager Manfred, der schon immer mit meinen S\u00f6hnen eine Radtour machen wollte, eine Fahrradtour nach Fehmarn. Mit dem Wetter hatten wir &#8211; zumindest w\u00e4hrend der eigentlichen Tour &#8211; Gl\u00fcck: Es blieb fast durchgehend &hellip; <a href=\"https:\/\/willizblog.de\/?p=571\" class=\"more-link\"><span class=\"screen-reader-text\">Fahrradtour 2006 nach Fehmarn &#8211; Teil 1: Fahrroute<\/span> weiterlesen <span class=\"meta-nav\">&rarr;<\/span><\/a><\/p>\n","protected":false},"author":1,"featured_media":0,"comment_status":"closed","ping_status":"closed","sticky":false,"template":"","format":"standard","meta":[],"categories":[10],"tags":[],"_links":{"self":[{"href":"https:\/\/willizblog.de\/index.php?rest_route=\/wp\/v2\/posts\/571"}],"collection":[{"href":"https:\/\/willizblog.de\/index.php?rest_route=\/wp\/v2\/posts"}],"about":[{"href":"https:\/\/willizblog.de\/index.php?rest_route=\/wp\/v2\/types\/post"}],"author":[{"embeddable":true,"href":"https:\/\/willizblog.de\/index.php?rest_route=\/wp\/v2\/users\/1"}],"replies":[{"embeddable":true,"href":"https:\/\/willizblog.de\/index.php?rest_route=%2Fwp%2Fv2%2Fcomments&post=571"}],"version-history":[{"count":0,"href":"https:\/\/willizblog.de\/index.php?rest_route=\/wp\/v2\/posts\/571\/revisions"}],"wp:attachment":[{"href":"https:\/\/willizblog.de\/index.php?rest_route=%2Fwp%2Fv2%2Fmedia&parent=571"}],"wp:term":[{"taxonomy":"category","embeddable":true,"href":"https:\/\/willizblog.de\/index.php?rest_route=%2Fwp%2Fv2%2Fcategories&post=571"},{"taxonomy":"post_tag","embeddable":true,"href":"https:\/\/willizblog.de\/index.php?rest_route=%2Fwp%2Fv2%2Ftags&post=571"}],"curies":[{"name":"wp","href":"https:\/\/api.w.org\/{rel}","templated":true}]}}