{"id":5711,"date":"2012-03-20T09:45:43","date_gmt":"2012-03-20T08:45:43","guid":{"rendered":"http:\/\/www.willizblog.de\/?p=5711"},"modified":"2012-03-19T12:47:03","modified_gmt":"2012-03-19T11:47:03","slug":"fruhlingsanfang-2012","status":"publish","type":"post","link":"https:\/\/willizblog.de\/?p=5711","title":{"rendered":"Fr\u00fchlingsanfang 2012"},"content":{"rendered":"<p>M\u00f6gen die N\u00e4chte auch noch frisch sein, so ist es nicht zu \u00fcbersehen, dass der Fr\u00fchling Einzug h\u00e4lt. Heute um 6 Uhr14 MEZ ist der astronomische <a href=\"https:\/\/de.wikipedia.org\/wiki\/Fr%C3%BChlingsanfang\" target=\"_blank\">Fr\u00fchlingsanfang<\/a>. Die ersten Blumen bl\u00fchen bereits seit einigen Wochen, jetzt sprie\u00dft auch endlich das erste Gr\u00fcn. So kann <a href=\"https:\/\/de.wikipedia.org\/wiki\/Ostern\" target=\"_blank\">Ostern<\/a> kommen. Die Wetteraussichten f\u00fcr die n\u00e4chsten Tagen versprechen einiges an Sonne. So werden sich die Sch\u00fcler (und Mitte der n\u00e4chsten Woche auch ich) freuen, bald Ferien zu haben.<\/p>\n<table border=\"0\" cellpadding=\"4\" cellspacing=\"0\" width=\"100%\">\n<tr>\n<td width=\"50%\">\n<p align=\"center\"><img loading=\"lazy\" border=\"0\" src=\"https:\/\/www.willizblog.de\/blogpicts\/blumen2012_03_01.jpg\" alt=\"AlbinZ Garten: Fr\u00fchlingsanfang 2012\" title=\"AlbinZ Garten: Fr\u00fchlingsanfang 2012\" width=\"270\" height=\"203\"><\/td>\n<td width=\"50%\">\n<p align=\"center\"><img loading=\"lazy\" border=\"0\" src=\"https:\/\/www.willizblog.de\/blogpicts\/blumen2012_03_02.jpg\" alt=\"AlbinZ Garten: Fr\u00fchlingsanfang 2012\" title=\"AlbinZ Garten: Fr\u00fchlingsanfang 2012\" width=\"270\" height=\"203\"><\/td>\n<\/tr>\n<tr>\n<td width=\"100%\" colspan=\"2\">\n<p align=\"center\"><font face=\"Lucida Grande, Lucida Sans Unicode, Verdana, sans-serif\" size=\"2\">AlbinZ Garten: Fr\u00fchlingsanfang 2012<\/font><\/td>\n<\/tr>\n<tr>\n<td width=\"50%\">\n<p align=\"center\"><img loading=\"lazy\" border=\"0\" src=\"https:\/\/www.willizblog.de\/blogpicts\/blumen2012_03_03.jpg\" alt=\"AlbinZ Garten: Fr\u00fchlingsanfang 2012\" title=\"AlbinZ Garten: Fr\u00fchlingsanfang 2012\" width=\"270\" height=\"203\"><\/td>\n<td width=\"50%\">\n<p align=\"center\"><img loading=\"lazy\" border=\"0\" src=\"https:\/\/www.willizblog.de\/blogpicts\/blumen2012_03_04.jpg\" alt=\"AlbinZ Garten: Fr\u00fchlingsanfang 2012\" title=\"AlbinZ Garten: Fr\u00fchlingsanfang 2012\" width=\"270\" height=\"203\"><\/td>\n<\/tr>\n<tr>\n<td width=\"50%\">\n<p align=\"center\"><img loading=\"lazy\" border=\"0\" src=\"https:\/\/www.willizblog.de\/blogpicts\/blumen2012_03_05.jpg\" alt=\"AlbinZ Garten: Fr\u00fchlingsanfang 2012\" title=\"AlbinZ Garten: Fr\u00fchlingsanfang 2012\" width=\"270\" height=\"203\"><\/td>\n<td width=\"50%\">\n<p align=\"center\"><img loading=\"lazy\" border=\"0\" src=\"https:\/\/www.willizblog.de\/blogpicts\/blumen2012_03_06.jpg\" alt=\"AlbinZ Garten: Fr\u00fchlingsanfang 2012\" title=\"AlbinZ Garten: Fr\u00fchlingsanfang 2012\" width=\"270\" height=\"203\"><\/td>\n<\/tr>\n<\/table>\n","protected":false},"excerpt":{"rendered":"<p>M\u00f6gen die N\u00e4chte auch noch frisch sein, so ist es nicht zu \u00fcbersehen, dass der Fr\u00fchling Einzug h\u00e4lt. Heute um 6 Uhr14 MEZ ist der astronomische Fr\u00fchlingsanfang. Die ersten Blumen bl\u00fchen bereits seit einigen Wochen, jetzt sprie\u00dft auch endlich das erste Gr\u00fcn. So kann Ostern kommen. Die Wetteraussichten f\u00fcr die n\u00e4chsten Tagen versprechen einiges an &hellip; <a href=\"https:\/\/willizblog.de\/?p=5711\" class=\"more-link\"><span class=\"screen-reader-text\">Fr\u00fchlingsanfang 2012<\/span> weiterlesen <span class=\"meta-nav\">&rarr;<\/span><\/a><\/p>\n","protected":false},"author":1,"featured_media":0,"comment_status":"open","ping_status":"open","sticky":false,"template":"","format":"standard","meta":[],"categories":[16],"tags":[],"_links":{"self":[{"href":"https:\/\/willizblog.de\/index.php?rest_route=\/wp\/v2\/posts\/5711"}],"collection":[{"href":"https:\/\/willizblog.de\/index.php?rest_route=\/wp\/v2\/posts"}],"about":[{"href":"https:\/\/willizblog.de\/index.php?rest_route=\/wp\/v2\/types\/post"}],"author":[{"embeddable":true,"href":"https:\/\/willizblog.de\/index.php?rest_route=\/wp\/v2\/users\/1"}],"replies":[{"embeddable":true,"href":"https:\/\/willizblog.de\/index.php?rest_route=%2Fwp%2Fv2%2Fcomments&post=5711"}],"version-history":[{"count":0,"href":"https:\/\/willizblog.de\/index.php?rest_route=\/wp\/v2\/posts\/5711\/revisions"}],"wp:attachment":[{"href":"https:\/\/willizblog.de\/index.php?rest_route=%2Fwp%2Fv2%2Fmedia&parent=5711"}],"wp:term":[{"taxonomy":"category","embeddable":true,"href":"https:\/\/willizblog.de\/index.php?rest_route=%2Fwp%2Fv2%2Fcategories&post=5711"},{"taxonomy":"post_tag","embeddable":true,"href":"https:\/\/willizblog.de\/index.php?rest_route=%2Fwp%2Fv2%2Ftags&post=5711"}],"curies":[{"name":"wp","href":"https:\/\/api.w.org\/{rel}","templated":true}]}}