{"id":5734,"date":"2012-03-24T09:32:47","date_gmt":"2012-03-24T08:32:47","guid":{"rendered":"http:\/\/www.willizblog.de\/?p=5734"},"modified":"2012-03-21T12:34:55","modified_gmt":"2012-03-21T11:34:55","slug":"auf-zur-zugspitze","status":"publish","type":"post","link":"https:\/\/willizblog.de\/?p=5734","title":{"rendered":"Auf zur Zugspitze"},"content":{"rendered":"<p>Auf in den S\u00fcden. Nur noch zwei Arbeitstage, dann habe ich Urlaub und dann geht es mit meiner Familie wieder einmal nach <a href=\"http:\/\/www.grainau.de\/de\" target=\"_blank\">Grainau<\/a>, dem Zugspitzdorf, in der N\u00e4he von <a href=\"http:\/\/www.gapa.de\/\" target=\"_blank\">Garmisch-Partenkirchen<\/a>. Eigentlich bin ich nicht der Typ, der an einem und dem selben Ort mehrmals Urlaub macht. Ich liebe durchaus die Abwechslung. Okay, ich war \u00f6fter schon in London und nat\u00fcrlich auch in <a href=\"https:\/\/www.willizblog.de\/?cat=25\" target=\"_blank\">Schottland<\/a>. Aber London ist immer wieder interessant und neu. Und Schottland ist \u201aein weites Feld\u2019. Nach Grainau geht es jetzt bereits zum dritten Mal, immer mit der Familie und \u201akomischerweise\u2019 immer in F\u00fcnfjahresabstand; d.h. <a href=\"https:\/\/www.albinz.net\/grainau.html\" target=\"_blank\">2002<\/a> (Video in Urlaub: <a href=\"https:\/\/www.willizblog.de\/?p=694\" target=\"_blank\">Grainau 2002 &#8211; 2007<\/a>) war ich mit Kind und Kegel das erste Mal dort. Und dann folgte 2007 (siehe <a href=\"https:\/\/www.willizblog.de\/?p=934\" target=\"_blank\">Grainau 2007: Berglandschaften<\/a> und <a href=\"https:\/\/www.willizblog.de\/?p=935\" target=\"_blank\">Grainau 2007: Eibsee<\/a>) der n\u00e4chste Urlaub in dem kleinen, aber feinen Ort unterhalb der <a href=\"http:\/\/www.zugspitze.de\/de\/\" target=\"_blank\">Zugspitze<\/a>. Irgendwie gef\u00e4llt uns Grainau.<\/p>\n<p>Wie die beiden erste Male so werden wir auch diesmal in einer Ferienwohnung in der Alpspitzstra\u00dfe bei <a href=\"http:\/\/www.ferienwohnung-degenhart.de\/index.html\" target=\"_blank\">Familie Degenhart<\/a> unterkommen. Vom Balkon hat man freie Sicht auf die <a href=\"https:\/\/de.wikipedia.org\/wiki\/Waxenstein\" target=\"_blank\">Waxensteine<\/a> und die Zugspitze.<\/p>\n<p>Seit dem letzten Mal vor knapp f\u00fcnf Jahren hat sich doch einiges dort \u201aunten\u2019 getan, u.a. gibt es jetzt am Osterfelderkopf am Fu\u00dfe der Alpspitze die <a href=\"http:\/\/www.zugspitze.de\/de\/summer\/berg\/garmisch-classic\/alpspix.htm\" target=\"_blank\">Alpspix<\/a>, eine Aussichtsplattform f\u00fcr atemberaubende Ausblicke. Nat\u00fcrlich werden wir uns das nicht entgehen lassen. Ziemlich neu ist auch der <a href=\"http:\/\/www.kletterwald-gap.de\/\" target=\"_blank\">Kletterwald in Garmisch-Partenkirchen<\/a>, oberhalb der Talstation der Wank-Seilbahn (2011 w\u00e4hrend unseres Urlaubs in Brandenburg besuchten wir ja den <a href=\"https:\/\/www.willizblog.de\/?p=4888\" target=\"_blank\">Arbora Kletterwald in Bad Saarow<\/a>). Und neu ist jetzt auch die <a href=\"http:\/\/www.zugspitzcard.com\/index_d.html\" target=\"_blank\">ZugspitzCard Gold<\/a>, die einmal eine Zugspitz-Rundreise beinhaltet.<\/p>\n<table border=\"0\" cellpadding=\"4\" cellspacing=\"0\" width=\"100%\">\n<tr>\n<td width=\"50%\">\n<p align=\"center\"><img loading=\"lazy\" border=\"0\" src=\"https:\/\/www.willizblog.de\/images\/zugspitzcard2011_12.jpg\" alt=\"ZugspitzCard 2011\/2012\" title=\"ZugspitzCard 2011\/2012\" width=\"200\" height=\"398\"><\/td>\n<td width=\"50%\">\n<p align=\"center\"><img loading=\"lazy\" border=\"0\" src=\"https:\/\/www.willizblog.de\/images\/zugspitzcard2012_13.jpg\" alt=\"ZugspitzCard 2012\/2013\" title=\"ZugspitzCard 2012\/2013\" width=\"200\" height=\"398\"><\/td>\n<\/tr>\n<tr>\n<td width=\"50%\" align=\"center\"><font face=\"Lucida Grande, Lucida Sans Unicode, Verdana, sans-serif\" size=\"2\">ZugspitzCard 2011\/2012 &#8211; g\u00fcltig <font color=\"#FF0066\"><b>bis 30.04.2012<\/b><\/font><\/font><\/td>\n<td width=\"50%\" align=\"center\"><font face=\"Lucida Grande, Lucida Sans Unicode, Verdana, sans-serif\" size=\"2\">ZugspitzCard 2012\/2013 &#8211; g\u00fcltig <font color=\"#FF0066\"><b>ab 01.05.2012<\/b><\/font><\/font><\/td>\n<\/tr>\n<\/table>\n<p>Vor f\u00fcnf Jahren gab es die ZugspitzCard auch bereits, allerdings nicht in der Version GOLD. M\u00f6chte man unbedingt auch einmal auf die Zugspitze, dann sollte man diese Version der Karte nehmen, denn der normale Fahrpreis betr\u00e4gt 48 \u20ac, der Mehrpreis f\u00fcr die Gold-Version gerade 32 \u20ac. Und wir wollen auf jeden Fall auf die Zugspitze. Ansonsten hat man freien Eintritt ins <a href=\"http:\/\/www.zugspitzcard.com\/leistungen_apart_grainau_bad.html\" target=\"_blank\">Zugspitzbad von Grainau<\/a> (morgens vor dem Fr\u00fchst\u00fcck oder am Nachmittag werden wir dort unsere Bahnen ziehen), kann die <a href=\"http:\/\/www.zugspitze.de\/de\/summer\/berg\/garmisch-classic\/Garmisch-Classic-Rundfahrt.htm\" target=\"_blank\">Garmisch-Classic-Rundfahrt<\/a> buchen, um auf die Aussichtsplattform AlpspiX zu kommen. Der besagte Kletterwald ist im Preis enthalten \u2013 und auch die Eishockey-Heimspiele des <a href=\"http:\/\/www.scriessersee.de\/\" target=\"_blank\">SC Riessersee<\/a> im weltbekannten Olympia-Eissportzentrum von Garmisch-Partenkirchen, der zz. noch in der <a href=\"http:\/\/bund-riessersee.stats.pointstreak.com\/teamschedule.html?teamid=331783&#038;seasonid=8802\" target=\"_blank\">Abstiegsrunde der 2. Bundesliga<\/a> spielt.<\/p>\n<p>Nat\u00fcrlich sind noch viele andere Leistungen <a href=\"http:\/\/www.zugspitzcard.com\/leistungen_all.html\" target=\"_blank\">\u201aall inclusive\u2019<\/a>. Au\u00dferdem gibt es so genannte <a href=\"http:\/\/www.zugspitzcard.com\/leistungen_bonus.html\" target=\"_blank\">Bonus-Partner<\/a>, bei denen man Preiserm\u00e4\u00dfigungen bekommt. Die ZugspitzCard und ZugspitzCard Gold gibt es f\u00fcr 3, 6 oder 13 Tage. Es lohnt sich auf jeden Fall. Wir freuen uns auf jeden Fall auf die Tage in Grainau und Umgebung.<\/p>\n<p>siehe auch meine Beitr\u00e4ge (mit Videos):<br \/>\n<a href=\"https:\/\/www.willizblog.de\/?p=947\" target=\"_blank\">Urlaub in Grainau\/Zugspitze 2007<\/a><br \/>\n<a href=\"https:\/\/www.willizblog.de\/?p=948\" target=\"_blank\">In a Black Box: Partnachklamm 2007<\/a><\/p>\n","protected":false},"excerpt":{"rendered":"<p>Auf in den S\u00fcden. Nur noch zwei Arbeitstage, dann habe ich Urlaub und dann geht es mit meiner Familie wieder einmal nach Grainau, dem Zugspitzdorf, in der N\u00e4he von Garmisch-Partenkirchen. Eigentlich bin ich nicht der Typ, der an einem und dem selben Ort mehrmals Urlaub macht. Ich liebe durchaus die Abwechslung. Okay, ich war \u00f6fter &hellip; <a href=\"https:\/\/willizblog.de\/?p=5734\" class=\"more-link\"><span class=\"screen-reader-text\">Auf zur Zugspitze<\/span> weiterlesen <span class=\"meta-nav\">&rarr;<\/span><\/a><\/p>\n","protected":false},"author":1,"featured_media":0,"comment_status":"open","ping_status":"open","sticky":false,"template":"","format":"standard","meta":[],"categories":[10],"tags":[],"_links":{"self":[{"href":"https:\/\/willizblog.de\/index.php?rest_route=\/wp\/v2\/posts\/5734"}],"collection":[{"href":"https:\/\/willizblog.de\/index.php?rest_route=\/wp\/v2\/posts"}],"about":[{"href":"https:\/\/willizblog.de\/index.php?rest_route=\/wp\/v2\/types\/post"}],"author":[{"embeddable":true,"href":"https:\/\/willizblog.de\/index.php?rest_route=\/wp\/v2\/users\/1"}],"replies":[{"embeddable":true,"href":"https:\/\/willizblog.de\/index.php?rest_route=%2Fwp%2Fv2%2Fcomments&post=5734"}],"version-history":[{"count":0,"href":"https:\/\/willizblog.de\/index.php?rest_route=\/wp\/v2\/posts\/5734\/revisions"}],"wp:attachment":[{"href":"https:\/\/willizblog.de\/index.php?rest_route=%2Fwp%2Fv2%2Fmedia&parent=5734"}],"wp:term":[{"taxonomy":"category","embeddable":true,"href":"https:\/\/willizblog.de\/index.php?rest_route=%2Fwp%2Fv2%2Fcategories&post=5734"},{"taxonomy":"post_tag","embeddable":true,"href":"https:\/\/willizblog.de\/index.php?rest_route=%2Fwp%2Fv2%2Ftags&post=5734"}],"curies":[{"name":"wp","href":"https:\/\/api.w.org\/{rel}","templated":true}]}}