{"id":575,"date":"2006-08-22T09:04:22","date_gmt":"2006-08-22T07:04:22","guid":{"rendered":"http:\/\/www.albinz.de\/blog\/?p=575"},"modified":"2006-08-21T14:12:47","modified_gmt":"2006-08-21T12:12:47","slug":"fahrradtour-2006-nach-fehmarn-teil-3-lubeck","status":"publish","type":"post","link":"https:\/\/willizblog.de\/?p=575","title":{"rendered":"Fahrradtour 2006 nach Fehmarn &#8211; Teil 3: L\u00fcbeck"},"content":{"rendered":"<p>Die zweite Nacht w\u00e4hrend unserer Radtour nach Fehmarn verbrachten wir in <a href=\"http:\/\/www.luebeck.de\/\" target=\"_blank\">L\u00fcbeck<\/a>. Den folgenden Tag nahm ich mir mit meiner Frau und unserem j\u00fcngsten Sohn Lukas fahrradfrei, um uns die alte Hansestadt an der Trave etwas genauer anzuschauen. Ein Gang durch die Altstadt lohnt auf alle F\u00e4lle. Und von der Petri-Kirche hat man aus gut 50 Meter H\u00f6he einen sehr sch\u00f6nen Blick auf die Stadt. Im Cafe Niederegger (die Firma <a href=\"http:\/\/www.niederegger.de\/\" target=\"_blank\">Niederegger<\/a> stellt seit nun 200 Jahren k\u00f6stliches Marzipan her) g\u00f6nnten wir uns ein dickes Eis.<\/p>\n<table border=\"0\" cellpadding=\"5\" cellspacing=\"0\" width=\"100%\">\n<tr>\n<td width=\"50%\" align=\"center\"><img loading=\"lazy\" border=\"0\" src=\"https:\/\/www.albinz.net\/images\/radtour_fehmarn_luebeck01.jpg\" alt=\"L\u00fcbeck: Burgtor\" width=\"300\" height=\"200\"><\/td>\n<td width=\"50%\" align=\"center\"><img loading=\"lazy\" border=\"0\" src=\"https:\/\/www.albinz.net\/images\/radtour_fehmarn_luebeck02.jpg\" alt=\"L\u00fcbeck: Hostentor\" width=\"300\" height=\"200\"><\/td>\n<\/tr>\n<tr>\n<td width=\"50%\" align=\"center\"><font face=\"Lucida Grande, Lucida Sans Unicode, Verdana, sans-serif\" size=\"2\">L\u00fcbeck: Burgtor<\/font><\/td>\n<td width=\"50%\" align=\"center\"><font face=\"Lucida Grande, Lucida Sans Unicode, Verdana, sans-serif\" size=\"2\">L\u00fcbecks Wahrzeichen: Hostentor (leider als Baustelle verh\u00fcllt)<\/font><\/td>\n<\/tr>\n<tr>\n<td width=\"50%\" align=\"center\"><img loading=\"lazy\" border=\"0\" src=\"https:\/\/www.albinz.net\/images\/radtour_fehmarn_luebeck03.jpg\" alt=\"L\u00fcbeck: Kohlmarkt\/Alter Markt\" width=\"300\" height=\"200\"><\/td>\n<td width=\"50%\" align=\"center\"><img loading=\"lazy\" border=\"0\" src=\"https:\/\/www.albinz.net\/images\/radtour_fehmarn_luebeck04.jpg\" alt=\"L\u00fcbeck: An der Untertrave\" width=\"300\" height=\"200\"><\/td>\n<\/tr>\n<tr>\n<td width=\"50%\" align=\"center\"><font face=\"Lucida Grande, Lucida Sans Unicode, Verdana, sans-serif\" size=\"2\">L\u00fcbeck: Kohlmarkt\/Alter Markt<\/font><\/td>\n<td width=\"50%\" align=\"center\"><font face=\"Lucida Grande, Lucida Sans Unicode, Verdana, sans-serif\" size=\"2\">An der Untertrave<\/font><\/td>\n<\/tr>\n<\/table>\n<p>Am Nachmittag nahmen wir dann den Zug nach Oldenburg\/Holstein und trafen dort unsere radelnden Mitreisenden in der dortigen Jugendherberge wieder.<\/p>\n","protected":false},"excerpt":{"rendered":"<p>Die zweite Nacht w\u00e4hrend unserer Radtour nach Fehmarn verbrachten wir in L\u00fcbeck. Den folgenden Tag nahm ich mir mit meiner Frau und unserem j\u00fcngsten Sohn Lukas fahrradfrei, um uns die alte Hansestadt an der Trave etwas genauer anzuschauen. Ein Gang durch die Altstadt lohnt auf alle F\u00e4lle. Und von der Petri-Kirche hat man aus gut &hellip; <a href=\"https:\/\/willizblog.de\/?p=575\" class=\"more-link\"><span class=\"screen-reader-text\">Fahrradtour 2006 nach Fehmarn &#8211; Teil 3: L\u00fcbeck<\/span> weiterlesen <span class=\"meta-nav\">&rarr;<\/span><\/a><\/p>\n","protected":false},"author":1,"featured_media":0,"comment_status":"closed","ping_status":"closed","sticky":false,"template":"","format":"standard","meta":[],"categories":[10],"tags":[],"_links":{"self":[{"href":"https:\/\/willizblog.de\/index.php?rest_route=\/wp\/v2\/posts\/575"}],"collection":[{"href":"https:\/\/willizblog.de\/index.php?rest_route=\/wp\/v2\/posts"}],"about":[{"href":"https:\/\/willizblog.de\/index.php?rest_route=\/wp\/v2\/types\/post"}],"author":[{"embeddable":true,"href":"https:\/\/willizblog.de\/index.php?rest_route=\/wp\/v2\/users\/1"}],"replies":[{"embeddable":true,"href":"https:\/\/willizblog.de\/index.php?rest_route=%2Fwp%2Fv2%2Fcomments&post=575"}],"version-history":[{"count":0,"href":"https:\/\/willizblog.de\/index.php?rest_route=\/wp\/v2\/posts\/575\/revisions"}],"wp:attachment":[{"href":"https:\/\/willizblog.de\/index.php?rest_route=%2Fwp%2Fv2%2Fmedia&parent=575"}],"wp:term":[{"taxonomy":"category","embeddable":true,"href":"https:\/\/willizblog.de\/index.php?rest_route=%2Fwp%2Fv2%2Fcategories&post=575"},{"taxonomy":"post_tag","embeddable":true,"href":"https:\/\/willizblog.de\/index.php?rest_route=%2Fwp%2Fv2%2Ftags&post=575"}],"curies":[{"name":"wp","href":"https:\/\/api.w.org\/{rel}","templated":true}]}}