{"id":5754,"date":"2012-03-28T08:35:31","date_gmt":"2012-03-28T07:35:31","guid":{"rendered":"http:\/\/www.willizblog.de\/?p=5754"},"modified":"2012-03-27T08:43:59","modified_gmt":"2012-03-27T07:43:59","slug":"ziemlich-uncool-sven-regener","status":"publish","type":"post","link":"https:\/\/willizblog.de\/?p=5754","title":{"rendered":"Ziemlich uncool, Sven Regener"},"content":{"rendered":"<p>Also Ihren <a href=\"https:\/\/www.willizblog.de\/index.php?s=sven+regener\" target=\"_blank\">Lehmann<\/a> finde ich ja ganz cool, Herr Regener. Vielleicht weil er einiges auch mit mir zu tun hat: Sielwall in Bremen, \u00fcberhaupt Ostertor \u2013 dann die Bundeswehr, mir ging es \u00e4hnlich wie Herrn Lehmann \u2013 und Berlin, bin dort zwar geboren, habe sp\u00e4ter aber woanders gelebt, bin aber oft genug nach Berlin gefahren. Mit Ihrer Musik (<a href=\"http:\/\/www.element-of-crime.de\/\" target=\"_blank\">Element of Crime<\/a>) habe ich weniger am Hut. Und jetzt das: Ihre <a href=\"http:\/\/www.br.de\/radio\/bayern2\/sendungen\/zuendfunk\/regener_interview100.html\" target=\"_blank\">Wutrede bei Bayern 2<\/a> im Rundfunk, Ihre Stellungnahme zu Urheberrecht und Internet.<\/p>\n<p>Es ist nicht so, dass ich Sie nicht verstehe. Nat\u00fcrlich ist <a href=\"https:\/\/de.wikipedia.org\/wiki\/YouTube\" target=\"_blank\">YouTube<\/a> ein Milliardenunternehmen und bereichert sich ohne eigenes k\u00fcnstlerische Zutun mit den Werken anderer. Aber Millionen Menschen gucken tagt\u00e4glich die Videos dort und erfreuen sich daran. Und es soll viele K\u00fcnstler geben, die sogar freiwillig ihre Videos dort einstellen, um bekannt zu werden.<\/p>\n<ul><img src=\"https:\/\/www.willizblog.de\/albpics\/scheisse.jpg\" alt=\"Urheberrecht auf die eigene Schei\u00dfe\" title=\"Urheberrecht auf die eigene Schei\u00dfe\" \/><\/ul>\n<p>Ihr Loblied auf die <a href=\"https:\/\/de.wikipedia.org\/wiki\/GEMA\" target=\"_blank\">GEMA<\/a> kann ich aus ihrer Sicht durchaus nachvollziehen. Mich w\u00fcrde, so nebenbei gefragt, interessieren, wie die GEMA-Einnahmen an ihre Mitglieder ausgesch\u00fcttet werden, es soll nach einem komplexen Verteilerschl\u00fcssel geschehen. Sie, Herr Regener, werden dabei sicherlich nicht allzu schlecht abschneiden. Aber wie YouTube Positives wie Negatives einschlie\u00dft, so ist auch bei der GEMA nicht alles bestens.  So finde ich die Pauschalabgaben f\u00fcr Ger\u00e4te und Medien, die das Kopieren von Musik erm\u00f6glichen, nicht okay. Warum wird damit jedem K\u00e4ufer unterstellt, dass er auch urheberrechtlich gesch\u00fctzte Musik kopiert? Und warum kassiert die GEMA auch, wenn z.B. die evangelische Kirche bei uns im Ort so genannte <a href=\"https:\/\/www.willizblog.de\/index.php?s=bandabend\" target=\"_blank\">Bandabende<\/a> veranstaltet. Und zwar nicht gerade wenig (etwa 200 \u20ac). Kassiert wird auch dann, wenn die Bands, die \u00fcbrigens kostenlos auftreten, keine Titel covern, sondern nur Eigenkompositionen vortragen. Ich nenne so etwas haneb\u00fcchen. Und wenn ein Stand auf dem <a href=\"http:\/\/nachrichten.rp-online.de\/regional\/strassenfeste-gema-gewinnt-rechtsstreit-1.2531412\" target=\"_blank\">Weihnachtsmarkt<\/a> Weihnachtsmusik abspielt, dann kassiert die GEMA, damit auch Sie sich, Herr Regener, eine fette Weihnachtsgans leisten k\u00f6nnen. Und mit Kinderg\u00e4rten und Schulen war da auch noch etwas. Man kann es auf die Spitze treiben.<\/p>\n<p>Nat\u00fcrlich sollten sich YouTube und GEMA endlich einig werden, damit nicht jedes 2. Video in Deutschland als nicht verf\u00fcgbar ausgewiesen wird, \u201eda es m\u00f6glicherweise Musik enth\u00e4lt, f\u00fcr die die erforderlichen Musikrechte von der GEMA nicht einger\u00e4umt wurden.\u201c Die Musiker, die die GEMA vertritt, h\u00e4tten dann auch etwas vom gro\u00dfen Kuchen (siehe hierzu den interessanten Artikel bei <a href=\"http:\/\/www.spreeblick.com\/2011\/06\/21\/gema-vs-youtube-geruchte-zahlen-forderungen\/\" target=\"_blank\">spreeblick.com<\/a>).<\/p>\n<p>Der Unterschied zwischen Urheber- und Nutzungsrechten ist Ihnen sicherlich bekannt, Herr Regener. In unserem Bekanntenkreis gibt es einen, der vor vielen Jahr einmal ein <a href=\"https:\/\/www.willizblog.de\/?p=3247\" target=\"_blank\">Buch geschrieben<\/a> hat, das dann auch ein Verlag herausbrachte. Jetzt h\u00e4tte er es gern, dass eine Neuauflage erscheint. Der Verlag, der die entsprechenden Nutzungsrechte h\u00e4lt, ist aber nicht interessiert. Nat\u00fcrlich k\u00f6nnte er das Buch selbst herausbringen. Dann m\u00fcsste er aber f\u00fcr die Nutzungsrechte des Verlags zahlen. Sein Urheberrecht, das bekanntlich nur vererbt, aber nicht ver\u00e4u\u00dfert werden kann, kann er sich in die Haare schmieren.<\/p>\n<p>Und so wie dieses Buch also nie mehr erscheinen wird, gibt es mindestens ein Dutzend Filme, die ich gern sehen m\u00f6chte, f\u00fcr die ich auch angemessen zahlen w\u00fcrde, wenn sie auf dem Markt erh\u00e4ltlich w\u00e4ren, was sie aber nicht sind (z.B. Literaturverfilmungen wie <a href=\"https:\/\/www.willizblog.de\/?p=4280\" target=\"_blank\">Martin Walser: Der Sturz<\/a> oder <a href=\"https:\/\/www.willizblog.de\/?p=4343\" target=\"_blank\">Halld\u00f3r Laxness: Am Gletscher<\/a>; dagegen ist z.B. die f\u00fcr mich interessante Verfilmung von <a href=\"https:\/\/www.willizblog.de\/?p=4186\" target=\"_blank\">Einar K\u00e1rason: Die Teufelsinsel<\/a> nur \u201aillegal\u2019 im Internet zu beziehen). Wenn Film-, Musik- oder auch Verlagsindustrie keine Kohle verdienen k\u00f6nnen, dann verschwinden Werke einfach vom Markt.<\/p>\n<p>Und was halten Sie vom Wahn der Abmahnindustrie? Es kann doch auch in Ihrem Interesse nicht liegen, dass ganze <a href=\"http:\/\/www.ard.de\/ratgeber\/multimedia\/urheberrechtiminternet\/-\/id=13302\/nid=13302\/did=2383958\/nri6s0\/index.html\" target=\"_blank\">Bev\u00f6lkerungsteile kriminalisiert<\/a> werden, Rechtsanw\u00e4lte sich dabei eine goldene Nase verdienen \u2013 und am Schluss der Autor und Urheber trotzdem nichts davon hat.<\/p>\n<p>Die Welt ver\u00e4ndert sich nun einmal. Sie werden mir doch sicherlich nicht erz\u00e4hlen wollen, dass Sie in jungen Jahren nicht auch die eine oder andere Kopie gezogen haben? \u201aDamals\u2019 war das eben aufw\u00e4ndiger und mit Qualit\u00e4tsverlust behaftet, z.B. eine LP auf <a href=\"https:\/\/de.wikipedia.org\/wiki\/Compact_Cassette\" target=\"_blank\">Musikkassette<\/a> zu ziehen. Heute ist das ganz einfach und es kann jeder Trottel. Nein, Ihr \u201aGesch\u00e4ftsmodell\u2019 zieht nicht mehr, weil die Technik voranschreitet. Und so m\u00fcssen auch Musiker wie Sie zwangsl\u00e4ufig umdenken.<\/p>\n<p>Ich will und kann Ihnen hier kein neues \u201aGesch\u00e4ftsmodell\u2019 generieren, da m\u00fcssen Sie sich schon selbst den Kopf zerbrechen. Aber viele Musiker vermarkten sich im Netz inzwischen selbst, weil sie es vor allem auch satt haben, in die Taschen der Musikindustrie zu arbeiten. Wie viel bekommen sie von einer verkauften CD und wie viel verdient z.B. ein Plattenlabel wie Sony? Sicherlich ist es richtig, dass viele kleine Indie-Labels heute keine \u00dcberlebenschance mehr haben. Aber das liegt nicht nur daran, dass Musik \u201aunentgeltlich\u2019 im Netz zu haben ist.<\/p>\n<p>Ihre Wutrede war sicherlich spontan und emotional getragen. Aber die war leider auch ziemlich einseitig und ohne Blick zur Seite und nach vorn. Was wollen Sie gegen YouTube &#038; Co. und den Raubkopierern tun? Alle verbieten oder einsperren? Sicherlich nicht! Sie als Musiker (und als Buchautor) sollten sich an der \u00f6ffentlichen Diskussion beteiligen. Eine f\u00e4kaltr\u00e4chtige Standpauke gen\u00fcgt da nicht. Das eigentliche Problem ist dabei nach meiner Meinung weniger das Urheber- als vielmehr das Nutzungsrecht. Trotzdem muss beides \u00fcberdacht (von Denken) und auf neue F\u00fc\u00dfe gestellt werden. Ich k\u00f6nnte Ihnen, lieber Herr Regener, noch vieles andere unter die Nase reiben. Das soll aber f\u00fcr heute gen\u00fcgen. <em>Blieben Sie cool, Herr Regener!<\/em><\/p>\n","protected":false},"excerpt":{"rendered":"<p>Also Ihren Lehmann finde ich ja ganz cool, Herr Regener. Vielleicht weil er einiges auch mit mir zu tun hat: Sielwall in Bremen, \u00fcberhaupt Ostertor \u2013 dann die Bundeswehr, mir ging es \u00e4hnlich wie Herrn Lehmann \u2013 und Berlin, bin dort zwar geboren, habe sp\u00e4ter aber woanders gelebt, bin aber oft genug nach Berlin gefahren. &hellip; <a href=\"https:\/\/willizblog.de\/?p=5754\" class=\"more-link\"><span class=\"screen-reader-text\">Ziemlich uncool, Sven Regener<\/span> weiterlesen <span class=\"meta-nav\">&rarr;<\/span><\/a><\/p>\n","protected":false},"author":1,"featured_media":0,"comment_status":"open","ping_status":"open","sticky":false,"template":"","format":"standard","meta":[],"categories":[8,5],"tags":[],"_links":{"self":[{"href":"https:\/\/willizblog.de\/index.php?rest_route=\/wp\/v2\/posts\/5754"}],"collection":[{"href":"https:\/\/willizblog.de\/index.php?rest_route=\/wp\/v2\/posts"}],"about":[{"href":"https:\/\/willizblog.de\/index.php?rest_route=\/wp\/v2\/types\/post"}],"author":[{"embeddable":true,"href":"https:\/\/willizblog.de\/index.php?rest_route=\/wp\/v2\/users\/1"}],"replies":[{"embeddable":true,"href":"https:\/\/willizblog.de\/index.php?rest_route=%2Fwp%2Fv2%2Fcomments&post=5754"}],"version-history":[{"count":0,"href":"https:\/\/willizblog.de\/index.php?rest_route=\/wp\/v2\/posts\/5754\/revisions"}],"wp:attachment":[{"href":"https:\/\/willizblog.de\/index.php?rest_route=%2Fwp%2Fv2%2Fmedia&parent=5754"}],"wp:term":[{"taxonomy":"category","embeddable":true,"href":"https:\/\/willizblog.de\/index.php?rest_route=%2Fwp%2Fv2%2Fcategories&post=5754"},{"taxonomy":"post_tag","embeddable":true,"href":"https:\/\/willizblog.de\/index.php?rest_route=%2Fwp%2Fv2%2Ftags&post=5754"}],"curies":[{"name":"wp","href":"https:\/\/api.w.org\/{rel}","templated":true}]}}