{"id":5771,"date":"2012-04-09T08:26:08","date_gmt":"2012-04-09T07:26:08","guid":{"rendered":"http:\/\/www.willizblog.de\/?p=5771"},"modified":"2012-03-27T09:27:21","modified_gmt":"2012-03-27T08:27:21","slug":"theodor-storm-ostern-wh","status":"publish","type":"post","link":"https:\/\/willizblog.de\/?p=5771","title":{"rendered":"Theodor Storm: Ostern (Wh.)"},"content":{"rendered":"<p>Die Sonne scheint (vielleicht nicht \u00fcberall), was wollen wir mehr. Ich w\u00fcnsche allen geruhsame Osterfeiertage und ein fr\u00f6hliches Ostereiersuchen &#8230;!<\/p>\n<p><img src=\"https:\/\/www.albinz.net\/images\/o01.gif\" alt=\"Ostern\" \/>Es war daheim auf unserm Meeresdeich;<br \/>\nich lie\u00df den Blick am Horizonte gleiten,<br \/>\nzu mir her\u00fcber scholl verhei\u00dfungsreich<br \/>\nmit vollem Klang das Osterglockenl\u00e4uten.<\/p>\n<p>Wie brennend Silber funkelte das Meer;<br \/>\ndie Inseln schwammen auf dem hohen Spiegel;<br \/>\ndie M\u00f6wen schossen blendend hin und her,<br \/>\neintauchend in die Flut die wei\u00dfen Fl\u00fcgel.<\/p>\n<p>Im tiefen Kooge bis zum Deichesrand<br \/>\nwar sammetgr\u00fcn die Wiese aufgegangen;<br \/>\nder Fr\u00fchling zog prophetisch \u00fcber Land,<br \/>\ndie Lerchen jauchzten, und die Knospen sprangen. &#8211;<\/p>\n<p>Entfesselt ist die urgewalt&#8217;ge Kraft,<br \/>\ndie Erde quillt, die jungen S\u00e4fte tropfen;<br \/>\nund alles treibt, und alles webt und schafft,<br \/>\ndes Lebens vollste Pulse h\u00f6r&#8216; ich klopfen.<\/p>\n<p>Der Flut entsteigt der frische Meeresduft;<br \/>\nvom Himmel str\u00f6mt die goldne Sonnenf\u00fclle;<br \/>\nder Fr\u00fchlingswind geht klingend durch die Luft<br \/>\nund sprengt im Flug des Schlummers letzte H\u00fclle.<\/p>\n<p>O wehe fort, bis jede Knospe bricht,<br \/>\nda\u00df endlich uns ein ganzer Sommer werde;<br \/>\nentfalte dich, du gottgebornes Licht,<br \/>\nund wanke nicht, du feste Heimaterde! &#8211; <\/p>\n<p>Hier stand ich oft, wenn in Novembernacht<br \/>\naufgor das Meer zu gischtbest\u00e4ubten H\u00fcgeln,<br \/>\nwenn in den L\u00fcften war der Sturm erwacht,<br \/>\ndie Deiche peitschend mit den Geierfl\u00fcgeln.<\/p>\n<p>Und jauchzend lie\u00df ich an der festen Wehr<br \/>\nden Wellenschlag die grimmen Z\u00e4hne reiben,<br \/>\ndenn machtlos, zischend scho\u00df zur\u00fcck das Meer &#8211;<br \/>\ndas Land ist unser, unser soll es bleiben!<\/p>\n<p><a href=\"https:\/\/de.wikipedia.org\/wiki\/Theodor_Storm\" target=\"_blank\">Theodor Storm<\/a><\/p>\n","protected":false},"excerpt":{"rendered":"<p>Die Sonne scheint (vielleicht nicht \u00fcberall), was wollen wir mehr. Ich w\u00fcnsche allen geruhsame Osterfeiertage und ein fr\u00f6hliches Ostereiersuchen &#8230;! Es war daheim auf unserm Meeresdeich; ich lie\u00df den Blick am Horizonte gleiten, zu mir her\u00fcber scholl verhei\u00dfungsreich mit vollem Klang das Osterglockenl\u00e4uten. Wie brennend Silber funkelte das Meer; die Inseln schwammen auf dem hohen &hellip; <a href=\"https:\/\/willizblog.de\/?p=5771\" class=\"more-link\"><span class=\"screen-reader-text\">Theodor Storm: Ostern (Wh.)<\/span> weiterlesen <span class=\"meta-nav\">&rarr;<\/span><\/a><\/p>\n","protected":false},"author":1,"featured_media":0,"comment_status":"open","ping_status":"open","sticky":false,"template":"","format":"standard","meta":[],"categories":[32,14],"tags":[],"_links":{"self":[{"href":"https:\/\/willizblog.de\/index.php?rest_route=\/wp\/v2\/posts\/5771"}],"collection":[{"href":"https:\/\/willizblog.de\/index.php?rest_route=\/wp\/v2\/posts"}],"about":[{"href":"https:\/\/willizblog.de\/index.php?rest_route=\/wp\/v2\/types\/post"}],"author":[{"embeddable":true,"href":"https:\/\/willizblog.de\/index.php?rest_route=\/wp\/v2\/users\/1"}],"replies":[{"embeddable":true,"href":"https:\/\/willizblog.de\/index.php?rest_route=%2Fwp%2Fv2%2Fcomments&post=5771"}],"version-history":[{"count":0,"href":"https:\/\/willizblog.de\/index.php?rest_route=\/wp\/v2\/posts\/5771\/revisions"}],"wp:attachment":[{"href":"https:\/\/willizblog.de\/index.php?rest_route=%2Fwp%2Fv2%2Fmedia&parent=5771"}],"wp:term":[{"taxonomy":"category","embeddable":true,"href":"https:\/\/willizblog.de\/index.php?rest_route=%2Fwp%2Fv2%2Fcategories&post=5771"},{"taxonomy":"post_tag","embeddable":true,"href":"https:\/\/willizblog.de\/index.php?rest_route=%2Fwp%2Fv2%2Ftags&post=5771"}],"curies":[{"name":"wp","href":"https:\/\/api.w.org\/{rel}","templated":true}]}}