{"id":5783,"date":"2012-03-29T08:22:19","date_gmt":"2012-03-29T07:22:19","guid":{"rendered":"http:\/\/www.willizblog.de\/?p=5783"},"modified":"2012-03-27T11:27:45","modified_gmt":"2012-03-27T10:27:45","slug":"two-and-a-half-men","status":"publish","type":"post","link":"https:\/\/willizblog.de\/?p=5783","title":{"rendered":"Two and a half men"},"content":{"rendered":"<p>Ja es \u00e4hnelt der <a href=\"https:\/\/de.wikipedia.org\/wiki\/Two_and_a_Half_Men\" target=\"_blank\">US-amerikanische Sitcom mit diesem Namen<\/a>, das was die <a href=\"https:\/\/de.wikipedia.org\/wiki\/Freie_Demokratische_Partei\" target=\"_blank\">FDP<\/a> zz. pr\u00e4sentiert: die Boygroup <a href=\"https:\/\/www.willizblog.de\/index.php?s=westerwelle\" target=\"_blank\">Westerwelle<\/a>, <a href=\"https:\/\/www.willizblog.de\/?p=5290\" target=\"_blank\">R\u00f6sler und D\u00f6ring<\/a> (wer da den halben Hahn darstellt, bleibt dem Leser \u00fcberlassen). Und man kann schon Angst um die Jungs bekommen. Nach der <a href=\"https:\/\/de.wikipedia.org\/wiki\/Landtagswahl_im_Saarland_2012\" target=\"_blank\">Wahl im Saarland<\/a>, bei der die FDP nur unter \u201aferner Liefen\u2019 ins Ziel stolperte, mag man gar nicht erst an die n\u00e4chsten Wahlen im Mai denken (<a href=\"https:\/\/de.wikipedia.org\/wiki\/Landtagswahl_in_Schleswig-Holstein_2012\" target=\"_blank\">Schleswig-Holstein<\/a> und <a href=\"https:\/\/de.wikipedia.org\/wiki\/Landtagswahl_in_Nordrhein-Westfalen_2012\" target=\"_blank\">Nordrhein-Westfalen<\/a>) \u2013 und noch weniger an die <a href=\"https:\/\/de.wikipedia.org\/wiki\/Bundestagswahl_2013\" target=\"_blank\">Bundestagswahl<\/a> SP\u00c4TESTENS im Herbst 2013 denken.<\/p>\n<p>Die FDP hat allem Anschein nach ausgedient. Als Ersatz haben wir nun die <a href=\"https:\/\/de.wikipedia.org\/wiki\/Piratenpartei_Deutschland\" target=\"_blank\">Piraten<\/a> gewisserma\u00dfen als FDP 2.0. Da stellt sich nat\u00fcrlich die Frage, was werden unsere FDP-Jungs SP\u00c4TESTENS ab Herbst 2013 beruflich tun? <\/p>\n<p>Westerwelle ist promovierter Jurist und seit 1991 als Rechtsanwalt zugelassen. Er arbeitete bis zu seiner Wahl zum Generalsekret\u00e4r der FDP 1994 in der Bonner Anwaltskanzlei seines Vaters Heinz Westerwelle. Das war nicht allzu lang und ist schon ziemlich lang her (Quelle: <a href=\"https:\/\/de.wikipedia.org\/wiki\/Guido_Westerwelle\" target=\"_blank\">de.wikipedia.de<\/a>).<\/p>\n<p>R\u00f6sler ist promovierte Arzt ohne abgeschlossene Facharztausbildung und war zuletzt bis 2003 Stabsarzt bei der Bundeswehr. Auch das ist lange her und mit der Berufserfahrung hapert es einwenig (Quelle: <a href=\"https:\/\/de.wikipedia.org\/wiki\/Philipp_R%C3%B6sler\" target=\"_blank\">de.wikipedia.de<\/a>).<\/p>\n<p>Und D\u00f6ring ist Diplom-\u00d6konom und hat seit 1999 einige berufliche Erfahrung in mittelst\u00e4ndischen Versicherungsunternehmen in Hannover sammeln k\u00f6nnen. Auch nicht so toll (Quelle: <a href=\"https:\/\/de.wikipedia.org\/wiki\/Patrick_D%C3%B6ring\" target=\"_blank\">de.wikipedia.de<\/a>).<\/p>\n<p>Ja, was werden die Herren in Zukunft beruflich machen, wenn sie in Berlin ausgedient haben? Wer mag denen einen Job geben, muss zu bef\u00fcrchten sein, dass sie die Firma auch schnellstm\u00f6glich an die Wand fahren? Die Partei wechseln? Wer nimmt die schon?<br \/>\nHartz IV? Oder auf Vorruhestand mit \u2019ner Art \u201aEhrensold\u2019?<\/p>\n","protected":false},"excerpt":{"rendered":"<p>Ja es \u00e4hnelt der US-amerikanische Sitcom mit diesem Namen, das was die FDP zz. pr\u00e4sentiert: die Boygroup Westerwelle, R\u00f6sler und D\u00f6ring (wer da den halben Hahn darstellt, bleibt dem Leser \u00fcberlassen). Und man kann schon Angst um die Jungs bekommen. Nach der Wahl im Saarland, bei der die FDP nur unter \u201aferner Liefen\u2019 ins Ziel &hellip; <a href=\"https:\/\/willizblog.de\/?p=5783\" class=\"more-link\"><span class=\"screen-reader-text\">Two and a half men<\/span> weiterlesen <span class=\"meta-nav\">&rarr;<\/span><\/a><\/p>\n","protected":false},"author":1,"featured_media":0,"comment_status":"open","ping_status":"open","sticky":false,"template":"","format":"standard","meta":[],"categories":[12],"tags":[],"_links":{"self":[{"href":"https:\/\/willizblog.de\/index.php?rest_route=\/wp\/v2\/posts\/5783"}],"collection":[{"href":"https:\/\/willizblog.de\/index.php?rest_route=\/wp\/v2\/posts"}],"about":[{"href":"https:\/\/willizblog.de\/index.php?rest_route=\/wp\/v2\/types\/post"}],"author":[{"embeddable":true,"href":"https:\/\/willizblog.de\/index.php?rest_route=\/wp\/v2\/users\/1"}],"replies":[{"embeddable":true,"href":"https:\/\/willizblog.de\/index.php?rest_route=%2Fwp%2Fv2%2Fcomments&post=5783"}],"version-history":[{"count":0,"href":"https:\/\/willizblog.de\/index.php?rest_route=\/wp\/v2\/posts\/5783\/revisions"}],"wp:attachment":[{"href":"https:\/\/willizblog.de\/index.php?rest_route=%2Fwp%2Fv2%2Fmedia&parent=5783"}],"wp:term":[{"taxonomy":"category","embeddable":true,"href":"https:\/\/willizblog.de\/index.php?rest_route=%2Fwp%2Fv2%2Fcategories&post=5783"},{"taxonomy":"post_tag","embeddable":true,"href":"https:\/\/willizblog.de\/index.php?rest_route=%2Fwp%2Fv2%2Ftags&post=5783"}],"curies":[{"name":"wp","href":"https:\/\/api.w.org\/{rel}","templated":true}]}}