{"id":5793,"date":"2012-04-10T18:00:04","date_gmt":"2012-04-10T17:00:04","guid":{"rendered":"http:\/\/www.willizblog.de\/?p=5793"},"modified":"2012-04-10T18:00:04","modified_gmt":"2012-04-10T17:00:04","slug":"grainau-2012-1-entlang-der-loisach","status":"publish","type":"post","link":"https:\/\/willizblog.de\/?p=5793","title":{"rendered":"Grainau 2012 (1): Entlang der Loisach"},"content":{"rendered":"<p>Urlaubstage vergehen viel zu schnell. Schon sind wir wieder zu Hause, zur\u00fcck aus den Alpen, aus <a href=\"http:\/\/www.grainau.de\/de\" target=\"_blank\">Grainau<\/a> (<em>Groana<\/em>, wie wohl die Einheimischen sagen), dem Dorf unmittelbar unterhalb der <a href=\"https:\/\/www.willizblog.de\/?p=5734\" target=\"_blank\"><em>Zugspitze<\/em><\/a>.<\/p>\n<p>Nach zwei Sommerurlaube 2002 und 2007 waren wir jetzt also die Tage vor Ostern in einer der sieben Gemeinden der ehemaligen Grafschaft Werdenfels. Und es war ein Urlaub zwischen Winter und Fr\u00fchling. In den luftigen H\u00f6hen von Osterfelderkopf (2050 m) mit der <a href=\"http:\/\/www.zugspitze.de\/de\/winter\/berg\/garmisch-classic\/alpspix.htm\" target=\"_blank\">Aussichtsplattform Alpspix<\/a>, in der H\u00f6hen von <a href=\"https:\/\/de.wikipedia.org\/wiki\/Zugspitze\" target=\"_blank\">Zugspitze<\/a> (2962 m) und <a href=\"https:\/\/de.wikipedia.org\/wiki\/Wank_%28Berg%29\" target=\"_blank\">Wank<\/a> (1780 m) lag noch jede Menge Schnee, w\u00e4hrend es in <a href=\"https:\/\/de.wikipedia.org\/wiki\/Grainau\" target=\"_blank\">Grainau<\/a> schon fr\u00fchlingshaft war \u2013 nicht ganz, denn am Ostersonntag schneite es kr\u00e4ftig, (fast) mehr als im ganzen Winter bei uns in Norddeutschland.<\/p>\n<p><object classid=\"clsid:D27CDB6E-AE6D-11cf-96B8-444553540000\" width=\"540\" height=\"280\" codebase=\"http:\/\/download.macromedia.com\/pub\/shockwave\/cabs\/flash\/swflash.cab\"><param name=\"movie\" value=\"https:\/\/www.willizblog.de\/blogpicts\/slideshow.swf?file=https:\/\/www.willizblog.de\/images\/loisach_2012.xml\" \/><param name=\"wmode\" value=\"transparent\" \/><embed width=\"540\" height=\"280\" src=\"https:\/\/www.willizblog.de\/blogpicts\/slideshow.swf?file=https:\/\/www.willizblog.de\/images\/loisach_2012.xml\" type=\"application\/x-shockwave-flash\" pluginspage=\"http:\/\/www.macromedia.com\/go\/getflashplayer\" wmode=\"transparent\" \/><\/object><br \/>\nFotos \u00a9 <strong>Jan Einar Albin<\/strong><\/p>\n<p>Mit der <a href=\"http:\/\/www.zugspitzcard.com\/index_d.html\" target=\"_blank\">ZugspitzCard Gold<\/a> waren wir viel unterwegs; nur den ersten Tag, den 1. April, wanderten wir entlang der <a href=\"https:\/\/de.wikipedia.org\/wiki\/Loisach\" target=\"_blank\"><em>Loisach<\/em><\/a>, ein Wildwasser, das in der N\u00e4he Grainaus in Richtung <a href=\"de.wikipedia.org\/wiki\/Garmisch-Partenkirchen\" target=\"_blank\">Garmisch-Partenkirchen<\/a> flie\u00dft. <\/p>\n<p>Inzwischen habe ich bereits die Videoaufnahmen auf meinen Rechner gespielt und auf knapp 50 Minuten zusammengeschnitten. Diesmal war es der \u00e4ltere meiner S\u00f6hne, der f\u00fcr die Fotoaufnahmen \u201azust\u00e4ndig\u2019 war. Von \u00fcber 900 sind etwa 700 Fotos geblieben. Hier einige wenige Fotos von unserer ersten Wanderung entlang der Loisach. Leider verlieren die verkleinerten Aufnahmen etwas von ihrer Tiefensch\u00e4rfe und damit von ihrem besonderen Reiz. Sch\u00f6n anzuschauen sind sie trotzdem. In den n\u00e4chsten Tagen (und Wochen) etwas mehr von diesem wirklich erholsamen Tagen in Grainau. Und wir alle denken, dass es nicht der letzte Urlaub dort unten in dem Zugspitzdorf war.<\/p>\n<p><img src=\"https:\/\/www.willizblog.de\/images\/loisach_2012_04_05.jpg\" alt=\"Loisach bei Grainau\" title=\"Loisach bei Grainau\" \/><\/p>\n","protected":false},"excerpt":{"rendered":"<p>Urlaubstage vergehen viel zu schnell. Schon sind wir wieder zu Hause, zur\u00fcck aus den Alpen, aus Grainau (Groana, wie wohl die Einheimischen sagen), dem Dorf unmittelbar unterhalb der Zugspitze. Nach zwei Sommerurlaube 2002 und 2007 waren wir jetzt also die Tage vor Ostern in einer der sieben Gemeinden der ehemaligen Grafschaft Werdenfels. Und es war &hellip; <a href=\"https:\/\/willizblog.de\/?p=5793\" class=\"more-link\"><span class=\"screen-reader-text\">Grainau 2012 (1): Entlang der Loisach<\/span> weiterlesen <span class=\"meta-nav\">&rarr;<\/span><\/a><\/p>\n","protected":false},"author":1,"featured_media":0,"comment_status":"open","ping_status":"open","sticky":false,"template":"","format":"standard","meta":[],"categories":[10],"tags":[],"_links":{"self":[{"href":"https:\/\/willizblog.de\/index.php?rest_route=\/wp\/v2\/posts\/5793"}],"collection":[{"href":"https:\/\/willizblog.de\/index.php?rest_route=\/wp\/v2\/posts"}],"about":[{"href":"https:\/\/willizblog.de\/index.php?rest_route=\/wp\/v2\/types\/post"}],"author":[{"embeddable":true,"href":"https:\/\/willizblog.de\/index.php?rest_route=\/wp\/v2\/users\/1"}],"replies":[{"embeddable":true,"href":"https:\/\/willizblog.de\/index.php?rest_route=%2Fwp%2Fv2%2Fcomments&post=5793"}],"version-history":[{"count":0,"href":"https:\/\/willizblog.de\/index.php?rest_route=\/wp\/v2\/posts\/5793\/revisions"}],"wp:attachment":[{"href":"https:\/\/willizblog.de\/index.php?rest_route=%2Fwp%2Fv2%2Fmedia&parent=5793"}],"wp:term":[{"taxonomy":"category","embeddable":true,"href":"https:\/\/willizblog.de\/index.php?rest_route=%2Fwp%2Fv2%2Fcategories&post=5793"},{"taxonomy":"post_tag","embeddable":true,"href":"https:\/\/willizblog.de\/index.php?rest_route=%2Fwp%2Fv2%2Ftags&post=5793"}],"curies":[{"name":"wp","href":"https:\/\/api.w.org\/{rel}","templated":true}]}}