{"id":58,"date":"2005-03-02T05:21:24","date_gmt":"2005-03-02T04:21:24","guid":{"rendered":"http:\/\/www.albinz.de\/blog\/?p=58"},"modified":"2006-12-04T10:49:25","modified_gmt":"2006-12-04T08:49:25","slug":"werder-im-halbfinale-dfb-pokal-20042005","status":"publish","type":"post","link":"https:\/\/willizblog.de\/?p=58","title":{"rendered":"Werder im Halbfinale (DFB-Pokal 2004\/2005)"},"content":{"rendered":"<p>Die &#8218;Generalprobe&#8216; ist f\u00fcr Werder Bremen gegen die Amateure des FC Bayern gegl\u00fcckt. Nach dem 3:0-Sieg in M\u00fcnchen steht Werder im Halbfinale des DFB-Pokals. Jetzt geht es in der Bundesliga gegen die Bayern. Hoffen wir, dass mindestens ein P\u00fcnktchen herausspringt. \u00dcbrigens: Krisztian Lisztes kam nach langer Verletzungspause wieder einmal zum Einsatz.<\/p>\n","protected":false},"excerpt":{"rendered":"<p>Die &#8218;Generalprobe&#8216; ist f\u00fcr Werder Bremen gegen die Amateure des FC Bayern gegl\u00fcckt. Nach dem 3:0-Sieg in M\u00fcnchen steht Werder im Halbfinale des DFB-Pokals. Jetzt geht es in der Bundesliga gegen die Bayern. Hoffen wir, dass mindestens ein P\u00fcnktchen herausspringt. \u00dcbrigens: Krisztian Lisztes kam nach langer Verletzungspause wieder einmal zum Einsatz.<\/p>\n","protected":false},"author":1,"featured_media":0,"comment_status":"closed","ping_status":"closed","sticky":false,"template":"","format":"standard","meta":[],"categories":[27],"tags":[],"_links":{"self":[{"href":"https:\/\/willizblog.de\/index.php?rest_route=\/wp\/v2\/posts\/58"}],"collection":[{"href":"https:\/\/willizblog.de\/index.php?rest_route=\/wp\/v2\/posts"}],"about":[{"href":"https:\/\/willizblog.de\/index.php?rest_route=\/wp\/v2\/types\/post"}],"author":[{"embeddable":true,"href":"https:\/\/willizblog.de\/index.php?rest_route=\/wp\/v2\/users\/1"}],"replies":[{"embeddable":true,"href":"https:\/\/willizblog.de\/index.php?rest_route=%2Fwp%2Fv2%2Fcomments&post=58"}],"version-history":[{"count":0,"href":"https:\/\/willizblog.de\/index.php?rest_route=\/wp\/v2\/posts\/58\/revisions"}],"wp:attachment":[{"href":"https:\/\/willizblog.de\/index.php?rest_route=%2Fwp%2Fv2%2Fmedia&parent=58"}],"wp:term":[{"taxonomy":"category","embeddable":true,"href":"https:\/\/willizblog.de\/index.php?rest_route=%2Fwp%2Fv2%2Fcategories&post=58"},{"taxonomy":"post_tag","embeddable":true,"href":"https:\/\/willizblog.de\/index.php?rest_route=%2Fwp%2Fv2%2Ftags&post=58"}],"curies":[{"name":"wp","href":"https:\/\/api.w.org\/{rel}","templated":true}]}}