{"id":580,"date":"2006-08-26T07:52:28","date_gmt":"2006-08-26T05:52:28","guid":{"rendered":"http:\/\/www.albinz.de\/blog\/?p=580"},"modified":"2006-08-27T14:28:02","modified_gmt":"2006-08-27T12:28:02","slug":"gunter-grass-beim-hauten-der-zwiebel","status":"publish","type":"post","link":"https:\/\/willizblog.de\/?p=580","title":{"rendered":"G\u00fcnter Grass&#8216; &#8222;Beim H\u00e4uten der Zwiebel&#8220;"},"content":{"rendered":"<p>Ich habe von Grass&#8216; Autobiografie zun\u00e4chst nur das erste und das vierte Kapitel (&#8222;Wie ich das F\u00fcrchten lernte&#8220;) gelesen, jenes, das seine Zeit bei der Waffen-SS beschreibt oder eigentlich nur die Zeit, in der er sich in den letzten Wirren des Krieges durch die Fronten schlug.<\/p>\n<p><img src=\"https:\/\/www.albinz.net\/images\/grass_zwiebel.jpg\" alt=\"G\u00fcnter Grass: Beim H\u00e4uten der Zwiebel\" \/><\/p>\n<p>Eigentlich geh\u00f6rte er nur formell der Waffen-SS an und h\u00e4tte genauso gut jeder anderen Milit\u00e4teinheit angeh\u00f6ren k\u00f6nnen. Dann h\u00e4tte es jetzt diese Diskussion sicherlich nicht gegeben. Aber lesen wir kurz, was Grass in seinem Buch schreibt:<\/p>\n<p><em>&#8222;Der Zwiebelhaut steht nichts eingeritzt, dem ein Anzeichen f\u00fcr Schreck oder gar Entsetzen abzulesen w\u00e4re. Eher werde ich die Waffen-SS als Eliteeinheit gesehen haben, die jeweils dann zum Einsatz kam, wenn ein Fronteinsatz abgeriegelt, ein Kessel &#8230; zur\u00fcckerobert werden mu\u00dfte. Die doppelte Rune am Uniformkragen war mir nicht anst\u00f6\u00dfig. Dem Jungen, der sich als Mann sah, wird vor allem die Waffengattung wichtig gewesen sein: wenn nicht zu den U-Booten, &#8230; dann als Panzersch\u00fctze in einer Division, &#8230;<\/em><\/p>\n<p><em>Auch ging von der Waffen-SS etwas Europ\u00e4isches aus: in Divisionen zusammengefa\u00dft k\u00e4mpften freiwillig Franzosen, Wallonen, Flamen und Holl\u00e4nder, viele Norweger, D\u00e4nen, sogar neutrale Schweden an der Ostfront in einer Abwehrschlacht, die, so hie\u00df es, das Abendland vor der bolschewistischen Flut retten werde.<\/em><\/p>\n<p><em>Also Ausreden genug. Und doch habe ich mich \u00fcber Jahrzehnte hinweg geweigert, mir das Wort und den Doppelbuchstaben einzugestehen. Was ich mit dem dummen Stolz meiner jungen Jahre hingenommen hatte, wollte ich mir nach dem Krieg aus nachwachsender Scham verschweigen. Doch die Last blieb, und niemand konnte sie erleichtern.<\/em><\/p>\n<p><em>Zwar war w\u00e4hrend der Ausbildung zum Panzersch\u00fctzen, die mich den Herbst und Winter lang abstumpfte, nichts von jenen Kriegsverbrechen zu h\u00f6ren, die sp\u00e4ter ans Licht kamen, aber behauptete Unwissenheit konnte meine Einsicht, einem System eingef\u00fcgt gewesen zu sein, das die Vernichtung von Millionen Menschen geplant, organisiert und vollzogen hatte, nicht verschleiern. Selbst wenn mir t\u00e4tige Mitschuld auszureden war, blieb ein bis heute nicht abgetragener Rest, der allzu gel\u00e4ufig Mitverantwortung genannt wird. Damit zu leben ist f\u00fcr die restlichen Jahre gewi\u00df.&#8220;<\/em><\/p>\n<p>Was Grass schreibt, klingt ziemlich blass. Von Scham und einem Rest Mitverantwortung ist die Rede. Aber wie sonst h\u00e4tte man etwas in Worte fassen k\u00f6nnen, von dem erst im Nachhinein die Tragweite sichtbar wird. Grass war nicht an Gr\u00e4uel beteiligt. Davon gehe ich aus, das glaube ich ihm. Es geht also nur um die Zugeh\u00f6rigkeit zu einer Einheit, die heute als Synomyn f\u00fcr Kriegsverbrechen steht. Und einer Aburteilung steht sein jugendliches Alter vor. Es geht also am Ende nur um das Verschweigen dieses dunklen Abschnitts seines Lebens. Wer heute von Scham spricht, erntet meist nur ein m\u00fcdes L\u00e4cheln. Vielleicht liegt es daran, dass wir nie in Situationen waren, die sp\u00e4ter zu solcher Scham Anlass bieten. Wir, die so genannt Nachgeborenen, sollten froh darum sein.<\/p>\n<p>Sicherlich ist es die Tatsache, dass Grass oft genug als Moralist aufgetreten ist, die jetzt das Urteil beeinflusst. Wenn ein solcher pl\u00f6tzlich offenbart, selbst Dreck am Stecken zu haben, dann ist das ein gefundenes Fressen f\u00fcr die, die ihm schon vorher unwohl gesonnen waren. Ich mag selbst keine Moralapostel. Und Grass als Wahlhelfer z.B. f\u00fcr Willy Brandt war mir auch eher suspekt. Aber ich gestehe, nicht den Stein nehmen zu k\u00f6nnen, um ihn damit zu bewerfen. Grass ist und bleibt ein gro\u00dfer Schriftsteller. Seine &#8218;barocke&#8216; Sprache, auch sein barocker Lebensstil mag nicht jedermanns Sache sein. Soll und kann es nicht. Der offenbarte Makel bleibt (und soll bleiben). Das ist gut so.<\/p>\n","protected":false},"excerpt":{"rendered":"<p>Ich habe von Grass&#8216; Autobiografie zun\u00e4chst nur das erste und das vierte Kapitel (&#8222;Wie ich das F\u00fcrchten lernte&#8220;) gelesen, jenes, das seine Zeit bei der Waffen-SS beschreibt oder eigentlich nur die Zeit, in der er sich in den letzten Wirren des Krieges durch die Fronten schlug. Eigentlich geh\u00f6rte er nur formell der Waffen-SS an und &hellip; <a href=\"https:\/\/willizblog.de\/?p=580\" class=\"more-link\"><span class=\"screen-reader-text\">G\u00fcnter Grass&#8216; &#8222;Beim H\u00e4uten der Zwiebel&#8220;<\/span> weiterlesen <span class=\"meta-nav\">&rarr;<\/span><\/a><\/p>\n","protected":false},"author":1,"featured_media":0,"comment_status":"closed","ping_status":"closed","sticky":false,"template":"","format":"standard","meta":[],"categories":[3],"tags":[],"_links":{"self":[{"href":"https:\/\/willizblog.de\/index.php?rest_route=\/wp\/v2\/posts\/580"}],"collection":[{"href":"https:\/\/willizblog.de\/index.php?rest_route=\/wp\/v2\/posts"}],"about":[{"href":"https:\/\/willizblog.de\/index.php?rest_route=\/wp\/v2\/types\/post"}],"author":[{"embeddable":true,"href":"https:\/\/willizblog.de\/index.php?rest_route=\/wp\/v2\/users\/1"}],"replies":[{"embeddable":true,"href":"https:\/\/willizblog.de\/index.php?rest_route=%2Fwp%2Fv2%2Fcomments&post=580"}],"version-history":[{"count":0,"href":"https:\/\/willizblog.de\/index.php?rest_route=\/wp\/v2\/posts\/580\/revisions"}],"wp:attachment":[{"href":"https:\/\/willizblog.de\/index.php?rest_route=%2Fwp%2Fv2%2Fmedia&parent=580"}],"wp:term":[{"taxonomy":"category","embeddable":true,"href":"https:\/\/willizblog.de\/index.php?rest_route=%2Fwp%2Fv2%2Fcategories&post=580"},{"taxonomy":"post_tag","embeddable":true,"href":"https:\/\/willizblog.de\/index.php?rest_route=%2Fwp%2Fv2%2Ftags&post=580"}],"curies":[{"name":"wp","href":"https:\/\/api.w.org\/{rel}","templated":true}]}}