{"id":5813,"date":"2012-04-16T08:16:38","date_gmt":"2012-04-16T07:16:38","guid":{"rendered":"http:\/\/www.willizblog.de\/?p=5813"},"modified":"2012-04-17T06:05:49","modified_gmt":"2012-04-17T05:05:49","slug":"europa-ade","status":"publish","type":"post","link":"https:\/\/willizblog.de\/?p=5813","title":{"rendered":"Europa ade?!"},"content":{"rendered":"<p>W\u00fcrden nicht auch die direkten Konkurrenten immer wieder Punkte verlieren, dann h\u00e4tte sich der SV Werder Bremen in der Fu\u00dfball-Bundesliga l\u00e4ngst auch von der Teilnahme an der Europa League in der n\u00e4chsten Saison verabschieden k\u00f6nnen. Aber trotz unn\u00f6tiger Unentschieden und kaum f\u00fcr m\u00f6glich gehaltener Niederlagen (z.B. zu Hause gegen Mainz 05) besteht noch eine \u2013 zumindest theoretische \u2013 Chance, in den letzten drei Ligaspielen die ben\u00f6tigen Punkte zu holen.<\/p>\n<p>Es geht um wenigstens den siebten Tabellenplatz, den zz. Hannover 96 mit 44 Punkten, zwei Punkte vor Werder, innehat. Aber, um ehrlich zu sein, stehen die Chancen schlecht. Trotz zweier Heimspiele (allerdings gegen die Bayern und gegen Schalke 04) und einem Ausw\u00e4rtsspiel beim Mitkonkurrenten VfL Wolfsburg d\u00fcrfte das Minimalziel Europa League f\u00fcr die Bremer kaum zu erreichen sein.<\/p>\n<p>Wie schon vor knapp anderthalb Jahren bef\u00fcrchtet, sind die <a href=\"https:\/\/www.willizblog.de\/?p=3568\" target=\"_blank\">fetten Jahre beim SV Werder vorbei<\/a>. Ansatzweise bestand zwar noch Hoffnung, dass die Mannschaft die Kurve bekommt. Nach dem hoffnungsvollen 3:0-Sieg am 25. Spieltag gegen Hannover 96 gab es allerdings nur noch drei schlappe Punkte aus f\u00fcnf Spielen. Das ist einfach zu wenig.<\/p>\n<p><img src=\"https:\/\/www.willizblog.de\/blogpicts\/werder_sinking_ship.jpg\" alt=\"Sinkendes Schiff: SV Werder Bremen\" title=\"Sinkendes Schiff: SV Werder Bremen\" \/><\/p>\n<p>Wie soll es nun weitergehen? Ich will nicht spekulieren, aber es ist zu bef\u00fcrchten, dass sich die Bremer in den n\u00e4chsten Saison (wenn nicht doch noch Zeichen und Wunder geschehen) weiter nach unten orientieren m\u00fcssen. Sokratis, der von FC Genua ausgeliehen ist, wird Werder wahrscheinlich wieder verlassen. Francois Affolter d\u00fcrfte zu Young Boys Bern zur\u00fcckkehren, was sicherlich kein allzu gro\u00dfer Verlust ist. Aber was ist mit Pizarro und Tim Wiese, ja selbst mit Naldo? Claudio Pizarro hat die Option gezogen und seinen Vertrag gek\u00fcndigt. Sollte er wirklich Bremen verlassen, dann bekommt der Verein nicht einmal eine Abl\u00f6se f\u00fcr ihn. Auf jeden Fall kann ich mich des Eindrucks nicht erwehren, dass Pizarro bereits jetzt nicht mehr so ganz bei der Sache ist. Um Tim Wiese ranken bereits die wildesten Ger\u00fcchte. Angeblich soll selbst Real Madrid an dem Torwart interessiert sein. Sollte er Werder zum Saisonende verlassen, dann schaut Klaus Allofs auch bei ihm abl\u00f6sesummentechnisch in die R\u00f6hre. Und Naldo bleibt wohl vielleicht doch nur, weil die Brasilianer Gr\u00eamio Foot-Ball Porto Alegrense nicht das n\u00f6tige Kleingeld aufbringen werden.<\/p>\n<p>\u00dcberhaupt laufen zum 30.06.2012 noch einige Vertr\u00e4ge aus (z.B. bei Markus Rosenberg, der immerhin in den letzten Spielen dreimal getroffen hat, oder Sebastian Boenisch), \u00fcber deren Verl\u00e4ngerung langsam gesprochen werden sollte.<\/p>\n<p>Ich k\u00f6nnte jetzt sagen, dass Klaus Allofs das alles bestimmt rechtzeitig hingebogen bekommt. Aber so sicher bin ich mir leider nicht mehr. Die Saison 2011\/2012 habe ich innerlich abgehakt. Und auf die n\u00e4chste Saison mag ich mich irgendwie nicht so richtig freuen &#8230;<\/p>\n<p><strong>Nachtr\u00e4glich zwei <a href=\"http:\/\/www.weser-kurier.de\/Artikel\/Werder\/Profis\/572589\/Chance-und-Risiko-stecken-im-Neuaufbau.html\" target=\"_blank\">Korrekturen<\/a>:<\/strong> F\u00fcr Sokratis Papastathopoulos (23) hat Werder die Kaufoption gezogen, dieser lieb\u00e4ugelt aber wie Naldo mit &#8218;anderen&#8216; Aufgaben. Und Tim Wiese wird definitiv Werder verlassen.<\/p>\n","protected":false},"excerpt":{"rendered":"<p>W\u00fcrden nicht auch die direkten Konkurrenten immer wieder Punkte verlieren, dann h\u00e4tte sich der SV Werder Bremen in der Fu\u00dfball-Bundesliga l\u00e4ngst auch von der Teilnahme an der Europa League in der n\u00e4chsten Saison verabschieden k\u00f6nnen. Aber trotz unn\u00f6tiger Unentschieden und kaum f\u00fcr m\u00f6glich gehaltener Niederlagen (z.B. zu Hause gegen Mainz 05) besteht noch eine \u2013 &hellip; <a href=\"https:\/\/willizblog.de\/?p=5813\" class=\"more-link\"><span class=\"screen-reader-text\">Europa ade?!<\/span> weiterlesen <span class=\"meta-nav\">&rarr;<\/span><\/a><\/p>\n","protected":false},"author":1,"featured_media":0,"comment_status":"open","ping_status":"open","sticky":false,"template":"","format":"standard","meta":[],"categories":[27],"tags":[],"_links":{"self":[{"href":"https:\/\/willizblog.de\/index.php?rest_route=\/wp\/v2\/posts\/5813"}],"collection":[{"href":"https:\/\/willizblog.de\/index.php?rest_route=\/wp\/v2\/posts"}],"about":[{"href":"https:\/\/willizblog.de\/index.php?rest_route=\/wp\/v2\/types\/post"}],"author":[{"embeddable":true,"href":"https:\/\/willizblog.de\/index.php?rest_route=\/wp\/v2\/users\/1"}],"replies":[{"embeddable":true,"href":"https:\/\/willizblog.de\/index.php?rest_route=%2Fwp%2Fv2%2Fcomments&post=5813"}],"version-history":[{"count":0,"href":"https:\/\/willizblog.de\/index.php?rest_route=\/wp\/v2\/posts\/5813\/revisions"}],"wp:attachment":[{"href":"https:\/\/willizblog.de\/index.php?rest_route=%2Fwp%2Fv2%2Fmedia&parent=5813"}],"wp:term":[{"taxonomy":"category","embeddable":true,"href":"https:\/\/willizblog.de\/index.php?rest_route=%2Fwp%2Fv2%2Fcategories&post=5813"},{"taxonomy":"post_tag","embeddable":true,"href":"https:\/\/willizblog.de\/index.php?rest_route=%2Fwp%2Fv2%2Ftags&post=5813"}],"curies":[{"name":"wp","href":"https:\/\/api.w.org\/{rel}","templated":true}]}}