{"id":583,"date":"2006-08-28T11:11:00","date_gmt":"2006-08-28T09:11:00","guid":{"rendered":"http:\/\/www.albinz.de\/blog\/?p=583"},"modified":"2007-08-20T08:25:08","modified_gmt":"2007-08-20T06:25:08","slug":"hammerharter-start-fur-werder","status":"publish","type":"post","link":"https:\/\/willizblog.de\/?p=583","title":{"rendered":"Hammerharter Start f\u00fcr Werder"},"content":{"rendered":"<p>Bereits in der Bundesliga muss Werder Bremen gleich in den ersten Spielen mit einigen schweren Partien starten (Leverkusen, Schalke, Stuttgart, dem HSV und am 8. Spieltag zu Hause gegen die Bayern). Und gegen Schalke gab es auch die erste Niederlage in dieser noch jungen Saison (0:2). Aber richtig hammerhart wird es in der Champions League, die Werder am 12. September an der Stamford Bridge in London gegen den FC Chelsea beginnt. Denn neben dem FC Chelsea, bei denen mit Huth und Ballack zwei deutsche Nationalspieler kicken, und Levki Sofia ist es wieder der FC Barcelona, mit denen die Bremer um ein Weiterkommen k\u00e4mpfen m\u00fcssen.<\/p>\n<p><img src=\"https:\/\/www.albinz.net\/images\/werder0607_st03.jpg\" alt=\"Blick in die Zukunft: leicht getr\u00fcbt f\u00fcr Schaaf und Allofs\" \/><\/p>\n<p>Vielleicht kam die Niederlage gegen Schalke zur rechten Zeit, um die Mannschaft aus zu abgehobenen Tr\u00e4umen zu rei\u00dfen. Immerhin ist der Anschluss nicht verloren, da die Bayern nur zu einem 0:0 gegen N\u00fcrnberg kamen. Aber wenn man den sich selbst gestellten hohen Anspr\u00fcchen gerecht werden will, dann darf sich das Team keine \u00e4hnlichen Ausrutscher erlauben. Hoffen wir das Beste. Wie gesagt: Die Saison ist noch jung &#8230;<\/p>\n","protected":false},"excerpt":{"rendered":"<p>Bereits in der Bundesliga muss Werder Bremen gleich in den ersten Spielen mit einigen schweren Partien starten (Leverkusen, Schalke, Stuttgart, dem HSV und am 8. Spieltag zu Hause gegen die Bayern). Und gegen Schalke gab es auch die erste Niederlage in dieser noch jungen Saison (0:2). Aber richtig hammerhart wird es in der Champions League, &hellip; <a href=\"https:\/\/willizblog.de\/?p=583\" class=\"more-link\"><span class=\"screen-reader-text\">Hammerharter Start f\u00fcr Werder<\/span> weiterlesen <span class=\"meta-nav\">&rarr;<\/span><\/a><\/p>\n","protected":false},"author":1,"featured_media":0,"comment_status":"closed","ping_status":"closed","sticky":false,"template":"","format":"standard","meta":[],"categories":[27],"tags":[],"_links":{"self":[{"href":"https:\/\/willizblog.de\/index.php?rest_route=\/wp\/v2\/posts\/583"}],"collection":[{"href":"https:\/\/willizblog.de\/index.php?rest_route=\/wp\/v2\/posts"}],"about":[{"href":"https:\/\/willizblog.de\/index.php?rest_route=\/wp\/v2\/types\/post"}],"author":[{"embeddable":true,"href":"https:\/\/willizblog.de\/index.php?rest_route=\/wp\/v2\/users\/1"}],"replies":[{"embeddable":true,"href":"https:\/\/willizblog.de\/index.php?rest_route=%2Fwp%2Fv2%2Fcomments&post=583"}],"version-history":[{"count":0,"href":"https:\/\/willizblog.de\/index.php?rest_route=\/wp\/v2\/posts\/583\/revisions"}],"wp:attachment":[{"href":"https:\/\/willizblog.de\/index.php?rest_route=%2Fwp%2Fv2%2Fmedia&parent=583"}],"wp:term":[{"taxonomy":"category","embeddable":true,"href":"https:\/\/willizblog.de\/index.php?rest_route=%2Fwp%2Fv2%2Fcategories&post=583"},{"taxonomy":"post_tag","embeddable":true,"href":"https:\/\/willizblog.de\/index.php?rest_route=%2Fwp%2Fv2%2Ftags&post=583"}],"curies":[{"name":"wp","href":"https:\/\/api.w.org\/{rel}","templated":true}]}}