{"id":5832,"date":"2012-04-20T08:44:53","date_gmt":"2012-04-20T07:44:53","guid":{"rendered":"http:\/\/www.willizblog.de\/?p=5832"},"modified":"2012-04-19T09:42:50","modified_gmt":"2012-04-19T08:42:50","slug":"grainau-2012-5-garmisch-classic-rundfahrt","status":"publish","type":"post","link":"https:\/\/willizblog.de\/?p=5832","title":{"rendered":"Grainau 2012 (5): Garmisch-Classic-Rundfahrt"},"content":{"rendered":"<p>F\u00fcr <a href=\"http:\/\/www.zugspitze.de\/de\/summer\/preise\/garmisch-classic\/\" target=\"_blank\">25 \u20ac\/Erwachsener<\/a> (es gibt auch Familienerm\u00e4\u00dfigung) kann man eine so genannte <a href=\"http:\/\/www.zugspitze.de\/de\/summer\/berg\/garmisch-classic\/Garmisch-Classic-Rundfahrt.htm\" target=\"_blank\">Garmisch-Classic-Rundfahrt<\/a> unternehmen. Die Rundfahrt ist nat\u00fcrlich auch in der <a href=\"https:\/\/www.willizblog.de\/?p=5802\" target=\"_blank\">ZugspitzCard<\/a> mit enthalten.<\/p>\n<p><img src=\"https:\/\/www.willizblog.de\/images\/zugspitzbahn_rundreisen.jpg\" alt=\"Rundreisen der Bayerischen Zugspitzbahn\" title=\"Rundreisen der Bayerischen Zugspitzbahn\" \/><\/p>\n<p>Da wir uns am Anfang unseres vor\u00f6sterlichen Urlaubs in <a href=\"https:\/\/de.wikipedia.org\/wiki\/Grainau\" target=\"_blank\">Grainau<\/a> noch nicht in das Get\u00fcmmel rund um die Zugspitze st\u00fcrzen wollten, w\u00e4hlten wir zun\u00e4chst die besagte Garmisch-Classic-Rundfahrt aus. Von Grainau fuhren wir so zun\u00e4chst mit der <a href=\"https:\/\/de.wikipedia.org\/wiki\/Bayerische_Zugspitzbahn\" target=\"_blank\">Zugspitzbahn<\/a> in Richtung <a href=\"https:\/\/de.wikipedia.org\/wiki\/Garmisch-Partenkirchen\" target=\"_blank\">Garmisch-Partenkirchen<\/a> bis zum Bahnhof <em>Kreuzeck\/Alpspitze<\/em> und nahmen dort die <a href=\"https:\/\/de.wikipedia.org\/wiki\/Alpspitzbahn\" target=\"_blank\">Alpspitzbahn<\/a> (Talstation 750 m), mit der man zum 2.050 Meter hohen Osterfelderkopf kommt. Hier oben am Osterfelderkopf befindet sich dann auch einige Meter h\u00f6her die bereits erw\u00e4hnte Aussichtsplattform <a href=\"https:\/\/www.willizblog.de\/?p=5817\" target=\"_blank\">AlpspiX<\/a>.<\/p>\n<p><object classid=\"clsid:D27CDB6E-AE6D-11cf-96B8-444553540000\" width=\"540\" height=\"280\" codebase=\"http:\/\/download.macromedia.com\/pub\/shockwave\/cabs\/flash\/swflash.cab\"><param name=\"movie\" value=\"https:\/\/www.willizblog.de\/blogpicts\/slideshow.swf?file=https:\/\/www.willizblog.de\/images\/garmisch_classic_2012.xml\" \/><param name=\"wmode\" value=\"transparent\" \/><embed width=\"540\" height=\"280\" src=\"https:\/\/www.willizblog.de\/blogpicts\/slideshow.swf?file=https:\/\/www.willizblog.de\/images\/garmisch_classic_2012.xml\" type=\"application\/x-shockwave-flash\" pluginspage=\"http:\/\/www.macromedia.com\/go\/getflashplayer\" wmode=\"transparent\" \/><\/object><br \/>\nFotos \u00a9  Jan Einar Albin (Alpspitzbahn Talstation und unterwegs mit Blick auf Garmisch-Partenkirchen \/ Hochalmbahn unterwegs und Talstation \/ Kreuzeckbahn Bergstation und unterwegs)<\/p>\n<p>Von hier aus hat man einen sch\u00f6nen Ausblick auf die <a href=\"https:\/\/de.wikipedia.org\/wiki\/Waxenstein\" target=\"_blank\">Waxensteine<\/a> und die riesige <a href=\"https:\/\/de.wikipedia.org\/wiki\/Alpspitze\" target=\"_blank\">Alpspitz<\/a>-Nordwand. \u00dcber die <a href=\"http:\/\/www.br.de\/fernsehen\/bayerisches-fernsehen\/sendungen\/abendschau\/alpspix-plattform-schlegel100.html\" target=\"_blank\">AlpspiX<\/a> kann man jetzt neben dem Blick auf Grainau und Garmisch-Partenkirchen auch einen Blick in die wilde <a href=\"https:\/\/de.wikipedia.org\/wiki\/H%C3%B6llentalklamm\" target=\"_blank\">H\u00f6llentalklamm<\/a> werfen. \u00dcberhaupt ist der Osterfelderkopf Dreh- und Angelpunkt verschiedener <a href=\"http:\/\/www.wandertipp.de\/Monatstipps\/Osterfelderkopf\/Osterfelderkopf-Monatstipp_31_2009.htm\" target=\"_blank\">Wanderwege<\/a>. Im <a href=\"http:\/\/www.restaurant-alpspitze.de\/\" target=\"_blank\">Restaurant Alpspitze<\/a> kann man sich zuvor st\u00e4rken.<\/p>\n<p>Da es sich um eine Rundreise handelt, geht die Fahrt von der Bergstation, die auch die Alpspitzbahn beheimatet, weiter mit der <a href=\"https:\/\/de.wikipedia.org\/wiki\/Hochalmbahn\" target=\"_blank\">Hochalmbahn<\/a>, einer Pendelbahn mit nur zwei Kabinen, hinunter auf 1700 m H\u00f6he eben zur Hochalm. Von dort f\u00fchrt dann im Sommer ein sch\u00f6n ausgebauter Wanderweg, Gehzeit ca. 30 Minuten, zur Bergstation der <a href=\"https:\/\/de.wikipedia.org\/wiki\/Kreuzeckbahn_%28Garmisch-Partenkirchen%29\" target=\"_blank\">Kreuzeckbahn<\/a>. Dieser Weg war f\u00fcr uns leider gesperrt und diente den Skil\u00e4ufern. So mussten wir einen h\u00f6her gelegenen Winterwanderweg benutzen, auf dem uns allerdings auch Skil\u00e4ufer entgegen kamen. Mit der Kreuzeckbahn geht es dann wieder ins Tal und man kommt in der N\u00e4he der Alpspitzbahn wieder an. Im Sommer kann man \u00fcber einen Wanderweg auch zu Fu\u00df ins Tal kommen. Nat\u00fcrlich kann man diese Rundreise auch in umgekehrter Abfolge unternehmen.<\/p>\n<p>Wegen <a href=\"http:\/\/www.zugspitzcard.com\/revisionszeiten.pdf\" target=\"_blank\">Revisionsarbeiten<\/a> an den genannten Seilbahnen ist diese Rundfahrt bis zum 10. Juni leider nicht m\u00f6glich.<\/p>\n<p><img src=\"https:\/\/www.willizblog.de\/images\/garmisch_classic_2012_02.jpg\" alt=\"Gramisch-Classic-Rundfahrt: Alpspitzbahn\" title=\"Gramisch-Classic-Rundfahrt: Alpspitzbahn\" \/><\/p>\n<p><em>Fortsetzung folgt &#8230;<\/em><\/p>\n","protected":false},"excerpt":{"rendered":"<p>F\u00fcr 25 \u20ac\/Erwachsener (es gibt auch Familienerm\u00e4\u00dfigung) kann man eine so genannte Garmisch-Classic-Rundfahrt unternehmen. Die Rundfahrt ist nat\u00fcrlich auch in der ZugspitzCard mit enthalten. Da wir uns am Anfang unseres vor\u00f6sterlichen Urlaubs in Grainau noch nicht in das Get\u00fcmmel rund um die Zugspitze st\u00fcrzen wollten, w\u00e4hlten wir zun\u00e4chst die besagte Garmisch-Classic-Rundfahrt aus. Von Grainau fuhren &hellip; <a href=\"https:\/\/willizblog.de\/?p=5832\" class=\"more-link\"><span class=\"screen-reader-text\">Grainau 2012 (5): Garmisch-Classic-Rundfahrt<\/span> weiterlesen <span class=\"meta-nav\">&rarr;<\/span><\/a><\/p>\n","protected":false},"author":1,"featured_media":0,"comment_status":"open","ping_status":"open","sticky":false,"template":"","format":"standard","meta":[],"categories":[10],"tags":[],"_links":{"self":[{"href":"https:\/\/willizblog.de\/index.php?rest_route=\/wp\/v2\/posts\/5832"}],"collection":[{"href":"https:\/\/willizblog.de\/index.php?rest_route=\/wp\/v2\/posts"}],"about":[{"href":"https:\/\/willizblog.de\/index.php?rest_route=\/wp\/v2\/types\/post"}],"author":[{"embeddable":true,"href":"https:\/\/willizblog.de\/index.php?rest_route=\/wp\/v2\/users\/1"}],"replies":[{"embeddable":true,"href":"https:\/\/willizblog.de\/index.php?rest_route=%2Fwp%2Fv2%2Fcomments&post=5832"}],"version-history":[{"count":0,"href":"https:\/\/willizblog.de\/index.php?rest_route=\/wp\/v2\/posts\/5832\/revisions"}],"wp:attachment":[{"href":"https:\/\/willizblog.de\/index.php?rest_route=%2Fwp%2Fv2%2Fmedia&parent=5832"}],"wp:term":[{"taxonomy":"category","embeddable":true,"href":"https:\/\/willizblog.de\/index.php?rest_route=%2Fwp%2Fv2%2Fcategories&post=5832"},{"taxonomy":"post_tag","embeddable":true,"href":"https:\/\/willizblog.de\/index.php?rest_route=%2Fwp%2Fv2%2Ftags&post=5832"}],"curies":[{"name":"wp","href":"https:\/\/api.w.org\/{rel}","templated":true}]}}