{"id":5835,"date":"2012-04-21T08:29:16","date_gmt":"2012-04-21T07:29:16","guid":{"rendered":"http:\/\/www.willizblog.de\/?p=5835"},"modified":"2012-06-06T12:37:30","modified_gmt":"2012-06-06T11:37:30","slug":"grainau-2012-6-ruhepunkte","status":"publish","type":"post","link":"https:\/\/willizblog.de\/?p=5835","title":{"rendered":"Grainau 2012 (6): Ruhepunkte"},"content":{"rendered":"<ul><em>Der Wanderer, auf der H\u00f6he angelangt, setzt sich nieder und blickt um sich, bevor er seinen nun absteigenden Weg wieder aufnimmt. Er such zu erkennen, wohin ihn sein verschlungener Pfad endlich f\u00fchrt, dieser Pfad, der sich (denn der Abend sinkt) in Schatten und Nacht zu verlieren scheint. So macht der Autor (der nichts im voraus wei\u00df) ein wenig Rast, sch\u00f6pft Atem und fragt sich unruhig, wohin seine Erz\u00e4hlung ihn f\u00fchren soll.<\/em><\/p>\n<p>aus: <strong><a href=\"https:\/\/de.wikipedia.org\/wiki\/Andr%C3%A9_Gide\" target=\"_blank\">Andr\u00e9 Gide:<\/a> <a target=\"_blank\" href=\"https:\/\/www.amazon.de\/gp\/search?ie=UTF8&#038;keywords=andre%20gide%20falschm%C3%BCnzer&#038;tag=familiealbin-21&#038;index=books&#038;linkCode=ur2&#038;camp=1638&#038;creative=6742\">Die Falschm\u00fcnzer<\/a><img loading=\"lazy\" src=\"https:\/\/www.assoc-amazon.de\/e\/ir?t=familiealbin-21&#038;l=ur2&#038;o=3\" width=\"1\" height=\"1\" border=\"0\" alt=\"\" style=\"border:none !important; margin:0px !important;\" \/><\/strong> &#8211; Les Faux-monnayeurs (1925 \u2013 dt.1928), S. 189<\/ul>\n<p>Manche Urlaubsreise wirkt lange Zeit nach. Jetzt bin ich mit meinen Lieben eigentlich schon zwei Wochen wieder zu Hause, habe auch schon wieder anderthalb Wochen Arbeit hinter mich gebracht. Aber auch dank der vielen Fotos, die der \u00e4ltere meiner beiden S\u00f6hne \u201ageschossen\u2019 hat, \u201akehre\u2019 ich immer wieder nach <a href=\"https:\/\/www.willizblog.de\/?p=5734\" target=\"_blank\">Grainau<\/a>, dem Ziel, aber auch Ausgangspunkt unserer Reise zur\u00fcck.<\/p>\n<p>Wir waren fast immer den halben Tag unterwegs. Da l\u00e4uft man schon so manchen Kilometer ab. Aber es sind und waren dann die Ruhepunkte, die Augenblicke, in denen man zur Ruhe kommt, in denen man das \u00c4u\u00dfere, die Landschaft mit den Bergen, innerlich wirken l\u00e4sst. Einfach einmal abschalten, wirklich abschalten. Und genie\u00dfen &#8230;<\/p>\n<p><object width=\"540\" height=\"280\" data=\"https:\/\/www.willizblog.de\/blogpicts\/slideshow.swf?file=https:\/\/www.willizblog.de\/images\/grainau_2012_ruhepunkte.xml\" type=\"application\/x-shockwave-flash\"><param name=\"src\" value=\"https:\/\/www.willizblog.de\/blogpicts\/slideshow.swf?file=https:\/\/www.willizblog.de\/images\/grainau_2012_ruhepunkte.xml\" \/><param name=\"wmode\" value=\"transparent\" \/><\/object><br \/>\nFotos \u00a9  <strong>Jan Einar Albin<\/strong><\/p>\n<p><img title=\"Ruhepunkt: Osterfelderkopf 2012\" src=\"https:\/\/www.willizblog.de\/images\/grainau_2012_ruhepunkte_03.jpg\" alt=\"Ruhepunkt: Osterfelderkopf 2012\" \/><\/p>\n","protected":false},"excerpt":{"rendered":"<p>Der Wanderer, auf der H\u00f6he angelangt, setzt sich nieder und blickt um sich, bevor er seinen nun absteigenden Weg wieder aufnimmt. Er such zu erkennen, wohin ihn sein verschlungener Pfad endlich f\u00fchrt, dieser Pfad, der sich (denn der Abend sinkt) in Schatten und Nacht zu verlieren scheint. So macht der Autor (der nichts im voraus &hellip; <a href=\"https:\/\/willizblog.de\/?p=5835\" class=\"more-link\"><span class=\"screen-reader-text\">Grainau 2012 (6): Ruhepunkte<\/span> weiterlesen <span class=\"meta-nav\">&rarr;<\/span><\/a><\/p>\n","protected":false},"author":1,"featured_media":0,"comment_status":"open","ping_status":"open","sticky":false,"template":"","format":"standard","meta":[],"categories":[10],"tags":[],"_links":{"self":[{"href":"https:\/\/willizblog.de\/index.php?rest_route=\/wp\/v2\/posts\/5835"}],"collection":[{"href":"https:\/\/willizblog.de\/index.php?rest_route=\/wp\/v2\/posts"}],"about":[{"href":"https:\/\/willizblog.de\/index.php?rest_route=\/wp\/v2\/types\/post"}],"author":[{"embeddable":true,"href":"https:\/\/willizblog.de\/index.php?rest_route=\/wp\/v2\/users\/1"}],"replies":[{"embeddable":true,"href":"https:\/\/willizblog.de\/index.php?rest_route=%2Fwp%2Fv2%2Fcomments&post=5835"}],"version-history":[{"count":0,"href":"https:\/\/willizblog.de\/index.php?rest_route=\/wp\/v2\/posts\/5835\/revisions"}],"wp:attachment":[{"href":"https:\/\/willizblog.de\/index.php?rest_route=%2Fwp%2Fv2%2Fmedia&parent=5835"}],"wp:term":[{"taxonomy":"category","embeddable":true,"href":"https:\/\/willizblog.de\/index.php?rest_route=%2Fwp%2Fv2%2Fcategories&post=5835"},{"taxonomy":"post_tag","embeddable":true,"href":"https:\/\/willizblog.de\/index.php?rest_route=%2Fwp%2Fv2%2Ftags&post=5835"}],"curies":[{"name":"wp","href":"https:\/\/api.w.org\/{rel}","templated":true}]}}