{"id":5858,"date":"2012-04-25T06:55:37","date_gmt":"2012-04-25T05:55:37","guid":{"rendered":"http:\/\/www.willizblog.de\/?p=5858"},"modified":"2012-04-25T06:41:09","modified_gmt":"2012-04-25T05:41:09","slug":"zuruck-zur-normalitat","status":"publish","type":"post","link":"https:\/\/willizblog.de\/?p=5858","title":{"rendered":"Zur\u00fcck zur Normalit\u00e4t?"},"content":{"rendered":"<p>Das Interesse der Norweger an dem Prozess gegen den Attent\u00e4ter <a href=\"https:\/\/de.wikipedia.org\/wiki\/Anders_Behring_Breivik\" target=\"_blank\">Anders Behring Breivik<\/a>, der im vergangenen Sommer 77 Menschen get\u00f6tet hatte &#8211; 8 starben nach einer Bombenexplosion im Osloer Regierungsviertel, 69 weitere bei seinem Amoklauf auf der kleinen Insel Ut\u00f8ya.-, wird immer geringer. Breivik pr\u00e4sentiert sich armselig und von Selbstmitleid geplagt. \u00d6fter schon wurde er von der Staatsanwaltschaft blo\u00dfgestellt und in seinen Allmachtsvorstellung l\u00e4cherlich gemacht. Der selbst ernannte \u201eRetter Norwegens\u201c demaskiert sich selbst und offenbart seinen offensichtlichen Kern, den eines \u201egesellschaftlichen Verlierers, der sich in eine rechtsextreme Wahnwelt versponnen hat und aus Mordlust und Kompensation f\u00fcr sein armseliges Leben Menschen t\u00f6tete.\u201c (Quelle: <a href=\"http:\/\/www.welt.de\/vermischtes\/weltgeschehen\/article106211545\/Kuehler-Engel-demaskiert-finsteren-Tempelritter.html\" target=\"_blank\">welt.de<\/a>).<\/p>\n<p>Wer in Norwegen nicht direkt betroffen ist, wendet sich ab und hofft nur, dass dieser kl\u00e4gliche Versager f\u00fcr immer hinter verschlossenen T\u00fcren verriegelt bleibt. Man will Abstand gewinnen und zur Normalit\u00e4t zur\u00fcckkehren.<\/p>\n<p><img src=\"https:\/\/www.willizblog.de\/images\/breivik.jpg\" alt=\"Anders Behring Breivik\" title=\"Anders Behring Breivik\" \/><\/p>\n<p>Auch Anders Behring Breivik ist um \u201aNormalit\u00e4t\u2019 bem\u00fcht. F\u00fcr ihn gilt, als zurechnungsf\u00e4hig zu gelten, denn er will auf keinen Fall in die Psychiatrie. So gibt er sich ruhig und bedacht. Seine zuvor gestellten, reichlich absurden Bedingungen, um Aussagen zu seinen Taten zu machen,  z.B. die Aufl\u00f6sung des norwegischen Parlaments, zog er zur\u00fcck. Dem Gericht liegen zwei widerspr\u00fcchliche psychiatrische Gutachten \u00fcber den Geisteszustand Breiviks vor. Im ersten wird er als <a href=\"https:\/\/de.wikipedia.org\/wiki\/Schizophrenie#Paranoide_Schizophrenie\" target=\"_blank\">paranoid-schizophren<\/a> und damit schuldunf\u00e4hig, im zweiten als voll zurechnungsf\u00e4hig und nicht psychotisch bezeichnet. Breivik leide danach allerdings an einer narzisstischen und asozialen <a href=\"https:\/\/de.wikipedia.org\/wiki\/Pers%C3%B6nlichkeitsst%C3%B6rung\" target=\"_blank\">Pers\u00f6nlichkeitsst\u00f6rung<\/a> und habe ein falsches Selbstbildnis. Die Frage der Zurechnungsf\u00e4higkeit entscheidet dar\u00fcber, ob der 33-J\u00e4hrige f\u00fcr 21 Jahre ins Gef\u00e4ngnis oder in eine psychiatrische Anstalt kommt.<\/p>\n<p>Der Fall Breivik ist ein besonderer Fall. Nach dem ersten Schein haben wir es hier zum einen mit einem politisch motivierten Attent\u00e4ter zu tun, zum anderen mit einem Amokl\u00e4ufer, der auf der Insel Ut\u00f8ya alles niedergeschossen hat, was sich bewegte (siehe hierzu meine Beitr\u00e4ge <a href=\"https:\/\/www.willizblog.de\/?p=113\" target=\"_blank\">Amok<\/a> und <a href=\"https:\/\/www.willizblog.de\/?p=670\" target=\"_blank\">Spurensuche<\/a>). Ich schreibe \u201anach dem ersten Schein\u2019, denn die politischen Motive kommen eher einem Wahn gleich und der \u201aAmoklauf\u2019 ist untypisch, auch wenn sich der T\u00e4ter hier in eine Art Blutrausch gesteigert haben muss. Am Ende lie\u00df sich Breivik widerstandslos verhaften.<\/p>\n<p>Aus der Ferne ist Breivik nat\u00fcrlich nur ungenau zu beurteilen. Der Gerichtspsychiater <a href=\"https:\/\/de.wikipedia.org\/wiki\/Reinhard_Haller\" target=\"_blank\">Reinhard Haller<\/a> siedelt den <a href=\"http:\/\/www.zdf.de\/ZDFmediathek\/content\/1620600\" target=\"_blank\">Fall an der Grenze zwischen Fanatismus und Wahn<\/a> an. F\u00fcr den Kriminalpsychologen Prof. <a href=\"https:\/\/de.wikipedia.org\/wiki\/Rudolf_Egg\" target=\"_blank\">Rudolf Egg<\/a> hat Breivik <a href=\"http:\/\/www.zdf.de\/ZDFmediathek\/content\/1621718\" target=\"_blank\">\u201ein jedem Fall eine Pers\u00f6nlichkeitsst\u00f6rung\u201c<\/a>. Beide halten Breivik f\u00fcr nicht heilbar und pl\u00e4dieren f\u00fcr eine lebenslange Unterbringung, egal ob nun im Gef\u00e4ngnis oder in der psychiatrischen Anstalt. Der forensische Psychiater <a href=\"https:\/\/de.wikipedia.org\/wiki\/Norbert_Leygraf\" target=\"_blank\">Norbert Leygraf<\/a>  sieht Parallelen zum Fall <a href=\"https:\/\/de.wikipedia.org\/wiki\/Ernst_August_Wagner\" target=\"_blank\">Ernst August Wagner<\/a>, der erste Fall in der w\u00fcrttembergischen Rechtsgeschichte, bei dem ein Prozess wegen Unzurechnungsf\u00e4higkeit eingestellt wurde. Leygraf unterst\u00fctzt also eher das erste Gutachten.<\/p>\n<p>Ob Breivik nun zurechnungsf\u00e4hig ist oder nicht, soll nun der Prozess entscheiden, der auf zehn Wochen angelegt ist. Eines wird aber zunehmend deutlich: Vieles von dem, was Breivik erz\u00e4hlt, gibt es wohl nur in seinem Kopf. So beschwert es sich, die Ankl\u00e4gerin wolle ihn als geisteskrank darstellen. Die Fragen \u00fcber seinen psychischen Zustand dienten nur dazu, ihn und seine extreme Ideologie zu diskreditieren.<\/p>\n<p>Von Normalit\u00e4t wird man im Gerichtssaal in den n\u00e4chsten Wochen kaum sprechen k\u00f6nnen &#8230;<\/p>\n<p>siehe u.a. auch meine Beitr\u00e4ge:<\/p>\n<p><a href=\"https:\/\/www.willizblog.de\/?p=812\" target=\"_blank\">Bestie Mensch<\/a><br \/>\n<a href=\"https:\/\/www.willizblog.de\/?p=1488\" target=\"_blank\">Schie\u00dfwut und Waffenwahn<\/a><br \/>\n<a href=\"https:\/\/www.willizblog.de\/?p=4713\" target=\"_blank\">Die Spitze des Eisbergs<\/a><br \/>\n<a href=\"https:\/\/www.willizblog.de\/?p=4910\" target=\"_blank\">Rechtes Schattenland<\/a><br \/>\n<a href=\"https:\/\/www.willizblog.de\/?p=4966\" target=\"_blank\">Herr und Knecht<\/a><\/p>\n","protected":false},"excerpt":{"rendered":"<p>Das Interesse der Norweger an dem Prozess gegen den Attent\u00e4ter Anders Behring Breivik, der im vergangenen Sommer 77 Menschen get\u00f6tet hatte &#8211; 8 starben nach einer Bombenexplosion im Osloer Regierungsviertel, 69 weitere bei seinem Amoklauf auf der kleinen Insel Ut\u00f8ya.-, wird immer geringer. Breivik pr\u00e4sentiert sich armselig und von Selbstmitleid geplagt. \u00d6fter schon wurde er &hellip; <a href=\"https:\/\/willizblog.de\/?p=5858\" class=\"more-link\"><span class=\"screen-reader-text\">Zur\u00fcck zur Normalit\u00e4t?<\/span> weiterlesen <span class=\"meta-nav\">&rarr;<\/span><\/a><\/p>\n","protected":false},"author":1,"featured_media":0,"comment_status":"open","ping_status":"open","sticky":false,"template":"","format":"standard","meta":[],"categories":[15,12],"tags":[],"_links":{"self":[{"href":"https:\/\/willizblog.de\/index.php?rest_route=\/wp\/v2\/posts\/5858"}],"collection":[{"href":"https:\/\/willizblog.de\/index.php?rest_route=\/wp\/v2\/posts"}],"about":[{"href":"https:\/\/willizblog.de\/index.php?rest_route=\/wp\/v2\/types\/post"}],"author":[{"embeddable":true,"href":"https:\/\/willizblog.de\/index.php?rest_route=\/wp\/v2\/users\/1"}],"replies":[{"embeddable":true,"href":"https:\/\/willizblog.de\/index.php?rest_route=%2Fwp%2Fv2%2Fcomments&post=5858"}],"version-history":[{"count":0,"href":"https:\/\/willizblog.de\/index.php?rest_route=\/wp\/v2\/posts\/5858\/revisions"}],"wp:attachment":[{"href":"https:\/\/willizblog.de\/index.php?rest_route=%2Fwp%2Fv2%2Fmedia&parent=5858"}],"wp:term":[{"taxonomy":"category","embeddable":true,"href":"https:\/\/willizblog.de\/index.php?rest_route=%2Fwp%2Fv2%2Fcategories&post=5858"},{"taxonomy":"post_tag","embeddable":true,"href":"https:\/\/willizblog.de\/index.php?rest_route=%2Fwp%2Fv2%2Ftags&post=5858"}],"curies":[{"name":"wp","href":"https:\/\/api.w.org\/{rel}","templated":true}]}}