{"id":5861,"date":"2012-04-26T08:32:20","date_gmt":"2012-04-26T07:32:20","guid":{"rendered":"http:\/\/www.willizblog.de\/?p=5861"},"modified":"2012-04-25T11:35:21","modified_gmt":"2012-04-25T10:35:21","slug":"grainau-2012-8-blick-vom-osterfelderkopf","status":"publish","type":"post","link":"https:\/\/willizblog.de\/?p=5861","title":{"rendered":"Grainau 2012 (8):  Blick vom Osterfelderkopf"},"content":{"rendered":"<p>Weiteres zu der Urlaubsreise vor Ostern Anfang April nach <a href=\"https:\/\/de.wikipedia.org\/wiki\/Grainau\" target=\"_blank\">Grainau<\/a>, unterhalb der <a href=\"https:\/\/de.wikipedia.org\/wiki\/Zugspitze\" target=\"_blank\">Zugspitze<\/a> (siehe: <a href=\"https:\/\/www.willizblog.de\/?p=5734\" target=\"_blank\">Auf zur Zugspitze<\/a>): Wie beim <a href=\"https:\/\/www.willizblog.de\/?p=5802\" target=\"_blank\">Warten auf die Zugspitzbahn<\/a>, so haben wir auch beim Blick vom Osterfelderkopf in gut 2000 m H\u00f6he von \u00e4hnlich gleicher Stelle den Blick auf die Umgebung wie bereits bei unserer Urlaubsreise vor f\u00fcnf Jahren (im August 2007) fotografisch festgehalten. Zum Osterfelderkopf gelangt man auf der <a href=\"https:\/\/www.willizblog.de\/?p=5832\" target=\"_blank\">Garmisch-Classic-Rundfahrt<\/a>, z.B. mit der <a href=\"https:\/\/de.wikipedia.org\/wiki\/Alpspitzbahn\" target=\"_blank\">Alpspitzbahn<\/a>. Der wesentliche Unterschied, wie un\u00fcbersehbar festzustellen ist, besteht darin, dass selbst im April dort oben noch jede Menge Schnee liegt, w\u00e4hrend vier Monate sp\u00e4ter l\u00e4ngst alles bl\u00fcht und gedeiht.<\/p>\n<table border=\"0\" cellpadding=\"4\" cellspacing=\"0\" width=\"100%\">\n<tr>\n<td width=\"50%\">\n<p align=\"center\"><img loading=\"lazy\" border=\"0\" src=\"https:\/\/www.willizblog.de\/images\/osterfelderkopf_2007_01.jpg\" alt=\"Blick vom Osterfelderkopf August 2007\" title=\"Blick vom Osterfelderkopf August 2007\" width=\"270\" height=\"203\"><\/td>\n<td width=\"50%\">\n<p align=\"center\"><img loading=\"lazy\" border=\"0\" src=\"https:\/\/www.willizblog.de\/images\/osterfelderkopf_2007_02.jpg\" alt=\"Blick vom Osterfelderkopf August 2007\" title=\"Blick vom Osterfelderkopf August 2007\" width=\"270\" height=\"203\"><\/td>\n<\/tr>\n<tr>\n<td width=\"100%\" colspan=\"2\">\n<p align=\"center\"><font face=\"Lucida Grande, Lucida Sans Unicode, Verdana, sans-serif\" size=\"2\">Blick vom Osterfelderkopf August 2007<\/font><\/td>\n<\/tr>\n<tr>\n<td width=\"50%\">\n<p align=\"center\"><img loading=\"lazy\" border=\"0\" src=\"https:\/\/www.willizblog.de\/images\/osterfelderkopf_2012_01.jpg\" alt=\"Blick vom Osterfelderkopf April 2012\" title=\"Blick vom Osterfelderkopf April 2012\" width=\"270\" height=\"203\"><\/td>\n<td width=\"50%\">\n<p align=\"center\"><img loading=\"lazy\" border=\"0\" src=\"https:\/\/www.willizblog.de\/images\/osterfelderkopf_2012_02.jpg\" alt=\"Blick vom Osterfelderkopf April 2012\" title=\"Blick vom Osterfelderkopf April 2012\" width=\"270\" height=\"203\"><\/td>\n<\/tr>\n<tr>\n<td width=\"100%\" colspan=\"2\">\n<p align=\"center\"><font face=\"Lucida Grande, Lucida Sans Unicode, Verdana, sans-serif\" size=\"2\">Blick vom Osterfelderkopf April 2012<\/font><\/td>\n<\/tr>\n<\/table>\n","protected":false},"excerpt":{"rendered":"<p>Weiteres zu der Urlaubsreise vor Ostern Anfang April nach Grainau, unterhalb der Zugspitze (siehe: Auf zur Zugspitze): Wie beim Warten auf die Zugspitzbahn, so haben wir auch beim Blick vom Osterfelderkopf in gut 2000 m H\u00f6he von \u00e4hnlich gleicher Stelle den Blick auf die Umgebung wie bereits bei unserer Urlaubsreise vor f\u00fcnf Jahren (im August &hellip; <a href=\"https:\/\/willizblog.de\/?p=5861\" class=\"more-link\"><span class=\"screen-reader-text\">Grainau 2012 (8):  Blick vom Osterfelderkopf<\/span> weiterlesen <span class=\"meta-nav\">&rarr;<\/span><\/a><\/p>\n","protected":false},"author":1,"featured_media":0,"comment_status":"open","ping_status":"open","sticky":false,"template":"","format":"standard","meta":[],"categories":[10],"tags":[],"_links":{"self":[{"href":"https:\/\/willizblog.de\/index.php?rest_route=\/wp\/v2\/posts\/5861"}],"collection":[{"href":"https:\/\/willizblog.de\/index.php?rest_route=\/wp\/v2\/posts"}],"about":[{"href":"https:\/\/willizblog.de\/index.php?rest_route=\/wp\/v2\/types\/post"}],"author":[{"embeddable":true,"href":"https:\/\/willizblog.de\/index.php?rest_route=\/wp\/v2\/users\/1"}],"replies":[{"embeddable":true,"href":"https:\/\/willizblog.de\/index.php?rest_route=%2Fwp%2Fv2%2Fcomments&post=5861"}],"version-history":[{"count":0,"href":"https:\/\/willizblog.de\/index.php?rest_route=\/wp\/v2\/posts\/5861\/revisions"}],"wp:attachment":[{"href":"https:\/\/willizblog.de\/index.php?rest_route=%2Fwp%2Fv2%2Fmedia&parent=5861"}],"wp:term":[{"taxonomy":"category","embeddable":true,"href":"https:\/\/willizblog.de\/index.php?rest_route=%2Fwp%2Fv2%2Fcategories&post=5861"},{"taxonomy":"post_tag","embeddable":true,"href":"https:\/\/willizblog.de\/index.php?rest_route=%2Fwp%2Fv2%2Ftags&post=5861"}],"curies":[{"name":"wp","href":"https:\/\/api.w.org\/{rel}","templated":true}]}}