{"id":587,"date":"2006-09-01T04:43:58","date_gmt":"2006-09-01T02:43:58","guid":{"rendered":"http:\/\/www.albinz.de\/blog\/?p=587"},"modified":"2006-09-02T14:00:14","modified_gmt":"2006-09-02T12:00:14","slug":"herrenloses-gepackstuck","status":"publish","type":"post","link":"https:\/\/willizblog.de\/?p=587","title":{"rendered":"Herrenloses Gep\u00e4ckst\u00fcck"},"content":{"rendered":"<p>Wenn es um die Wahl des Unwortes des Jahres 2006 geht, dann habe ich bereits einen Vorschlag, der sicherlich gute Aussichten hat, das Rennen zu machen: <strong><em>herrenloses Gep\u00e4ckst\u00fcck<\/em><\/strong>.<\/p>\n<p>Die Angst vor Terroranschl\u00e4gen ruft zz. Trittbrettfahrer auf den Plan, die entweder <a href=\"https:\/\/www.willizblog.de\/?p=573\">telefonisch falsche Bombenwarnungen<\/a> verk\u00fcnden oder die &#8222;so zum Spa\u00df&#8220; <a href=\"http:\/\/www.abendblatt.de\/daten\/2006\/08\/31\/604878.html\" target=\"_blank\">irgendwelche Gep\u00e4ckst\u00fccke<\/a>, Koffer oder Taschen, auf Bahnsteigen oder in Bahnen abstellen, um damit m\u00f6glichst f\u00fcr Stunden den Bahnverkehr lahmzulegen.<\/p>\n<p><img src=\"https:\/\/www.albinz.net\/images\/herrenloses_gepaeckstueck.jpg\" alt=\"Herrenloses Gep\u00e4ckst\u00fcck\" \/><\/p>\n<p>Gestern nun passte mir folgendes: Ich war schon sp\u00e4t dran und fuhr mit der S-Bahn zum Hauptbahnhof Hamburg. An der Haltestelle Dammtor nun stieg ein Herr mittleren Alters aus, den Kopf mit einen K\u00e4ppi bedeckt (T\u00fcrke? Araber? Welche Vorurteile steigen da in einem gleich auf?). Auf der Bank nun, auf der er in der Bahn eben noch gesessen hatte, lag eine gr\u00f6\u00dfere blaue Sporttasche, die ich zuvor nicht gesehen hatte. Die konnte nur dem Herrn geh\u00f6ren. Da die Bahn noch stand, guckte ich hinaus und sah den Mann und rief laut hinterher: &#8222;Hallo, Sie haben Ihre Tasche vergessen!&#8220;. Er drehte sich um, sprang in den Zug zur\u00fcck und w\u00e4hrend der Zug bereits abfuhr, kam er ziemlich irritiert auf mich zu. Ich zeigte auf die Tasche. Da sagte er deutlich, fast ohne Akzent: &#8222;Das ist nicht meine!&#8220;. Ich zuckte nur mit den Schultern und entschuldigte mich. N\u00e4chste Station Hauptbahnhof. Ich stieg schnell aus, um noch meinen Zug zu bekommen.<\/p>\n<p>Was nun mit der Tasche geschehen ist, ich wei\u00df es nicht. Auf jeden Fall habe ich weder in den Nachrichten geh\u00f6rt, noch im Internet gelesen, dass ein herrenloses Gep\u00e4ckst\u00fcck in die Luft geflogen ist. Immerhin &#8230;<\/p>\n<p>Link: <a href=\"http:\/\/www.heute.de\/ZDFheute\/inhalt\/27\/0,3672,3725307,00.html\" target=\"_blank\">Unwort des Jahres 2005<\/a><\/p>\n","protected":false},"excerpt":{"rendered":"<p>Wenn es um die Wahl des Unwortes des Jahres 2006 geht, dann habe ich bereits einen Vorschlag, der sicherlich gute Aussichten hat, das Rennen zu machen: herrenloses Gep\u00e4ckst\u00fcck. Die Angst vor Terroranschl\u00e4gen ruft zz. Trittbrettfahrer auf den Plan, die entweder telefonisch falsche Bombenwarnungen verk\u00fcnden oder die &#8222;so zum Spa\u00df&#8220; irgendwelche Gep\u00e4ckst\u00fccke, Koffer oder Taschen, auf &hellip; <a href=\"https:\/\/willizblog.de\/?p=587\" class=\"more-link\"><span class=\"screen-reader-text\">Herrenloses Gep\u00e4ckst\u00fcck<\/span> weiterlesen <span class=\"meta-nav\">&rarr;<\/span><\/a><\/p>\n","protected":false},"author":1,"featured_media":0,"comment_status":"closed","ping_status":"closed","sticky":false,"template":"","format":"standard","meta":[],"categories":[22],"tags":[],"_links":{"self":[{"href":"https:\/\/willizblog.de\/index.php?rest_route=\/wp\/v2\/posts\/587"}],"collection":[{"href":"https:\/\/willizblog.de\/index.php?rest_route=\/wp\/v2\/posts"}],"about":[{"href":"https:\/\/willizblog.de\/index.php?rest_route=\/wp\/v2\/types\/post"}],"author":[{"embeddable":true,"href":"https:\/\/willizblog.de\/index.php?rest_route=\/wp\/v2\/users\/1"}],"replies":[{"embeddable":true,"href":"https:\/\/willizblog.de\/index.php?rest_route=%2Fwp%2Fv2%2Fcomments&post=587"}],"version-history":[{"count":0,"href":"https:\/\/willizblog.de\/index.php?rest_route=\/wp\/v2\/posts\/587\/revisions"}],"wp:attachment":[{"href":"https:\/\/willizblog.de\/index.php?rest_route=%2Fwp%2Fv2%2Fmedia&parent=587"}],"wp:term":[{"taxonomy":"category","embeddable":true,"href":"https:\/\/willizblog.de\/index.php?rest_route=%2Fwp%2Fv2%2Fcategories&post=587"},{"taxonomy":"post_tag","embeddable":true,"href":"https:\/\/willizblog.de\/index.php?rest_route=%2Fwp%2Fv2%2Ftags&post=587"}],"curies":[{"name":"wp","href":"https:\/\/api.w.org\/{rel}","templated":true}]}}