{"id":5892,"date":"2012-05-04T08:03:30","date_gmt":"2012-05-04T07:03:30","guid":{"rendered":"http:\/\/www.willizblog.de\/?p=5892"},"modified":"2012-05-04T11:35:30","modified_gmt":"2012-05-04T10:35:30","slug":"grainau-2012-9-blick-vom-zugspitzplatt","status":"publish","type":"post","link":"https:\/\/willizblog.de\/?p=5892","title":{"rendered":"Grainau 2012 (9): Blick vom Zugspitzplatt"},"content":{"rendered":"<p>Jetzt ist es bereits \u00fcber einen Monat her, dass ich mit meinen Lieben in meinem Urlaub in <a href=\"https:\/\/de.wikipedia.org\/wiki\/Grainau\" target=\"_blank\">Grainau<\/a> (<a href=\"https:\/\/www.willizblog.de\/?p=5734\" target=\"_blank\">Auf zur Zugspitze<\/a>) auch die <a href=\"https:\/\/de.wikipedia.org\/wiki\/Zugspitze\" target=\"_blank\">Zugspitze<\/a> \u201aeingenommen\u2019 habe. Wer in Grainau oder in <a href=\"de.wikipedia.org\/wiki\/Garmisch-Partenkirchen\" target=\"_blank\">Garmisch-Partenkirchen<\/a> Urlaub macht, der sollte auch einmal auf Deutschlands h\u00f6chstem Berg gefahren sein.<\/p>\n<p><img src=\"https:\/\/www.willizblog.de\/images\/zugspitzbahn_rundreisen.jpg\" alt=\"Rundreisen mit der Zugspitzbahn\" title=\"Rundreisen mit der Zugspitzbahn\" \/><\/p>\n<p>Am beliebtesten ist nat\u00fcrlich eine so genannte <a href=\"http:\/\/www.zugspitzcard.com\/leistungen_apart_grainaugap_zugspitzrundreise.html\" target=\"_blank\">Zugspitzrundreise<\/a>, die auch in der <a href=\"http:\/\/www.zugspitzcard.com\/index_d.html\" target=\"_blank\">ZugspitzCardGold<\/a> enthalten ist. Von Garmisch-Partenkirchen oder Grainau f\u00e4hrt man zun\u00e4chst mit der Zahnradbahn der <a href=\"https:\/\/de.wikipedia.org\/wiki\/Bayerische_Zugspitzbahn\" target=\"_blank\">Zugspitzbahn<\/a> am <a href=\"https:\/\/de.wikipedia.org\/wiki\/Eibsee\" target=\"_blank\">Eibsee<\/a> in 1000 m H\u00f6he entlang  durch das Innere der Nordflanke des Bergmassivs hindurch bis zum Zugspitzplatt in rund 2600 m H\u00f6he. Von dort geht es weiter mit der <a href=\"https:\/\/de.wikipedia.org\/wiki\/Zugspitz-Gletscherbahn\" target=\"_blank\">Gletscherbahn<\/a> hinauf zur <a href=\"http:\/\/www.zugspitze.de\/de\/summer\/berg\/zugspitze\/zugspitze.htm\" target=\"_blank\">Zugspitze<\/a>. Mit der <a href=\"https:\/\/de.wikipedia.org\/wiki\/Eibseeseilbahn\" target=\"_blank\">Eibsee-Seilbahn<\/a> geht es wieder hinunter.<\/p>\n<p>Das Platt (auch <a href=\"https:\/\/de.wikipedia.org\/wiki\/Zugspitze#Zugspitzplatt\" target=\"_blank\">Zugspitzplatt<\/a>) ist eine Hochfl\u00e4che unterhalb des Zugspitzgipfels in s\u00fcdlicher und s\u00fcd\u00f6stlicher Richtung auf einer H\u00f6he zwischen 2000 und 2650 Metern. Anfang April herrschte hier noch reger Skibetrieb. Gleich neben der Station der Zahnradbahn befindet sich das <a href=\"http:\/\/www.zugspitze.de\/de\/summer\/berg\/zugspitze\/gastronomie\/sonnalpin.htm\" target=\"_blank\">Gletscherrestaurant Sonnalpin<\/a>. Von hier geht es dann auch weiter mit der Gletscherbahn.<\/p>\n<p><object classid=\"clsid:D27CDB6E-AE6D-11cf-96B8-444553540000\" width=\"540\" height=\"280\" codebase=\"http:\/\/download.macromedia.com\/pub\/shockwave\/cabs\/flash\/swflash.cab\"><param name=\"movie\" value=\"https:\/\/www.willizblog.de\/blogpicts\/slideshow.swf?file=https:\/\/www.willizblog.de\/images\/zugspitzplatt_2012.xml\" \/><param name=\"wmode\" value=\"transparent\" \/><embed width=\"540\" height=\"280\" src=\"https:\/\/www.willizblog.de\/blogpicts\/slideshow.swf?file=https:\/\/www.willizblog.de\/images\/zugspitzplatt_2012.xml\" type=\"application\/x-shockwave-flash\" pluginspage=\"http:\/\/www.macromedia.com\/go\/getflashplayer\" wmode=\"transparent\" \/><\/object><br \/>\nFotos \u00a9  <strong>Jan Einar Albin<\/strong><\/p>\n<p>Das Zugspitzplatt l\u00e4dt auch nicht so Wanderfreudige zum Verweilen ein. Hier hat man einen Blick auf zwei der wenigen Gletscher in Deutschland, den N\u00f6rdlicher und S\u00fcdlichen <a href=\"https:\/\/de.wikipedia.org\/wiki\/Schneeferner\" target=\"_blank\">Schneeferner<\/a>. \u00dcberhaupt ist es ein sch\u00f6ner Blick auf die umliegenden Berggipfel und die sich senkende Hochfl\u00e4che. In der H\u00f6he ist dann auch die Zugspitze mit den Aufbauten, u.a. dem <a href=\"https:\/\/de.wikipedia.org\/wiki\/Zugspitzplatt#M.C3.BCnchner_Haus\" target=\"_blank\">M\u00fcnchner Haus<\/a> und der <a href=\"https:\/\/de.wikipedia.org\/wiki\/Zugspitzplatt#Wetterwarte_Zugspitze\" target=\"_blank\">Wetterwarte<\/a> zu sehen.<\/p>\n<p><img src=\"https:\/\/www.willizblog.de\/images\/zugspitzplatt_2012_03.jpg\" alt=\"Blick vom Zugspitzplatt\" title=\"Blick vom Zugspitzplatt\" \/><\/p>\n","protected":false},"excerpt":{"rendered":"<p>Jetzt ist es bereits \u00fcber einen Monat her, dass ich mit meinen Lieben in meinem Urlaub in Grainau (Auf zur Zugspitze) auch die Zugspitze \u201aeingenommen\u2019 habe. Wer in Grainau oder in Garmisch-Partenkirchen Urlaub macht, der sollte auch einmal auf Deutschlands h\u00f6chstem Berg gefahren sein. Am beliebtesten ist nat\u00fcrlich eine so genannte Zugspitzrundreise, die auch in &hellip; <a href=\"https:\/\/willizblog.de\/?p=5892\" class=\"more-link\"><span class=\"screen-reader-text\">Grainau 2012 (9): Blick vom Zugspitzplatt<\/span> weiterlesen <span class=\"meta-nav\">&rarr;<\/span><\/a><\/p>\n","protected":false},"author":1,"featured_media":0,"comment_status":"open","ping_status":"open","sticky":false,"template":"","format":"standard","meta":[],"categories":[10],"tags":[],"_links":{"self":[{"href":"https:\/\/willizblog.de\/index.php?rest_route=\/wp\/v2\/posts\/5892"}],"collection":[{"href":"https:\/\/willizblog.de\/index.php?rest_route=\/wp\/v2\/posts"}],"about":[{"href":"https:\/\/willizblog.de\/index.php?rest_route=\/wp\/v2\/types\/post"}],"author":[{"embeddable":true,"href":"https:\/\/willizblog.de\/index.php?rest_route=\/wp\/v2\/users\/1"}],"replies":[{"embeddable":true,"href":"https:\/\/willizblog.de\/index.php?rest_route=%2Fwp%2Fv2%2Fcomments&post=5892"}],"version-history":[{"count":0,"href":"https:\/\/willizblog.de\/index.php?rest_route=\/wp\/v2\/posts\/5892\/revisions"}],"wp:attachment":[{"href":"https:\/\/willizblog.de\/index.php?rest_route=%2Fwp%2Fv2%2Fmedia&parent=5892"}],"wp:term":[{"taxonomy":"category","embeddable":true,"href":"https:\/\/willizblog.de\/index.php?rest_route=%2Fwp%2Fv2%2Fcategories&post=5892"},{"taxonomy":"post_tag","embeddable":true,"href":"https:\/\/willizblog.de\/index.php?rest_route=%2Fwp%2Fv2%2Ftags&post=5892"}],"curies":[{"name":"wp","href":"https:\/\/api.w.org\/{rel}","templated":true}]}}