{"id":5895,"date":"2012-05-05T08:03:57","date_gmt":"2012-05-05T07:03:57","guid":{"rendered":"http:\/\/www.willizblog.de\/?p=5895"},"modified":"2012-05-05T16:27:50","modified_gmt":"2012-05-05T15:27:50","slug":"grainau-2012-10-auf-der-zugspitze","status":"publish","type":"post","link":"https:\/\/willizblog.de\/?p=5895","title":{"rendered":"Grainau 2012 (10): Auf der Zugspitze"},"content":{"rendered":"<p>Hat man erst einmal mit der Zahnradbahn der <a href=\"https:\/\/de.wikipedia.org\/wiki\/Bayerische_Zugspitzbahn\" target=\"_blank\">Zugspitzbahn<\/a> das <a href=\"https:\/\/www.willizblog.de\/?p=5892\" target=\"_blank\"><strong>Zugspitzplatt<\/strong><\/a> erreicht, dann geht\u2019s von hieraus mit der <a href=\"https:\/\/de.wikipedia.org\/wiki\/Zugspitz-Gletscherbahn\" target=\"_blank\">Gletscherbahn<\/a> hinauf auf die <a href=\"https:\/\/de.wikipedia.org\/wiki\/Zugspitze\" target=\"_blank\">Zugspitze<\/a>, der mit 2962 m H\u00f6he h\u00f6chste Berg Deutschlands.<\/p>\n<p>Hier oben wird es dann auch etwas eng. Urspr\u00fcnglich hatte die Zugspitze drei Gipfel: Ost-, Mittel- und Westgipfel. Als einziger davon ist der vollst\u00e4ndig in Deutschland liegende Ostgipfel in seiner urspr\u00fcnglichen Form erhalten geblieben. Hier steht auch in 2962 m H\u00f6he das <a href=\"https:\/\/de.wikipedia.org\/wiki\/Zugspitze#Gipfelkreuz\" target=\"_blank\">Gipfelkreuz<\/a>. Der Mittelgipfel fiel 1930 einer Seilbahn-Gipfelstation zum Opfer. 1938 wurde der Westgipfel gesprengt, um Bauplatz f\u00fcr eine geplante Flugleitstelle der Wehrmacht zu gewinnen. Diese wurde jedoch nie gebaut. Daf\u00fcr steht jetzt hier das <a href=\"https:\/\/de.wikipedia.org\/wiki\/Zugspitze#M.C3.BCnchner_Haus\" target=\"_blank\">M\u00fcnchner Haus<\/a>. Urspr\u00fcnglich hatte die H\u00f6he des Westgipfels 2964 Meter betragen. Au\u00dferdem finden sich hier fest einbetoniert u.a. eine <a href=\"https:\/\/de.wikipedia.org\/wiki\/Zugspitze#Wetterwarte_Zugspitze\" target=\"_blank\">Wetterwarte<\/a> und die <a href=\"https:\/\/de.wikipedia.org\/wiki\/Zugspitze#Sendeanlagen_Zugspitze\" target=\"_blank\">Sendeanlagen<\/a> diverser Radiosender. Mit der <a href=\"http:\/\/www.zugspitze.de\/de\/summer\/berg\/zugspitze\/gastronomie\/gipfelalm.htm\" target=\"_blank\">Gipfelalm<\/a> haben wir dann hier auch Deutschlands h\u00f6chstes Restaurant.<\/p>\n<p>\u00dcber dem Westgipfel verl\u00e4uft \u00fcbrigens die Grenze zwischen Deutschland und \u00d6sterreich. So ist es wirklich nur ein Hasensprung &#8230; und man befindet sich pl\u00f6tzlich in \u00d6stereich.<\/p>\n<p><object classid=\"clsid:D27CDB6E-AE6D-11cf-96B8-444553540000\" width=\"540\" height=\"280\" codebase=\"http:\/\/download.macromedia.com\/pub\/shockwave\/cabs\/flash\/swflash.cab\"><param name=\"movie\" value=\"https:\/\/www.willizblog.de\/blogpicts\/slideshow.swf?file=https:\/\/www.willizblog.de\/images\/zugspitze_2012.xml\" \/><param name=\"wmode\" value=\"transparent\" \/><embed width=\"540\" height=\"280\" src=\"https:\/\/www.willizblog.de\/blogpicts\/slideshow.swf?file=https:\/\/www.willizblog.de\/images\/zugspitze_2012.xml\" type=\"application\/x-shockwave-flash\" pluginspage=\"http:\/\/www.macromedia.com\/go\/getflashplayer\" wmode=\"transparent\" \/><\/object><br \/>\nFotos \u00a9  <strong>Jan Einar Albin<\/strong><\/p>\n<p>Ganz so aufregend ist es dann eigentlich nicht auf der Zugspitze. Immerhin entsch\u00e4digt bei guten Sichtverh\u00e4ltnissen das einzigartige 360\u00b0-Panorama mit Blick auf \u00fcber 400 Gipfel in \u00d6sterreich, Italien, der Schweiz und Deutschland. Nicht zu \u00fcbersehen sind die <a href=\"https:\/\/de.wikipedia.org\/wiki\/Alpendohle\" target=\"_blank\">Alpendohlen<\/a>, die hier oben in luftigen H\u00f6hen ihre Bahnen ziehen. Ab und zu sollte man seinen Kopf einziehen, wenn einer der V\u00f6gel zur Landung ansetzt. In den Felsen um die Zugspitze befindet sich der Lebensraum der <a href=\"https:\/\/de.wikipedia.org\/wiki\/G%C3%A4mse\" target=\"_blank\">G\u00e4msen<\/a>. Auf der S\u00fcdseite des Massivs ist das <a href=\"https:\/\/de.wikipedia.org\/wiki\/Murmeltier\" target=\"_blank\">Murmeltier<\/a> verbreitet. Allerdings muss man schon Gl\u00fcck haben, will man eines dieser Tiere zu sehen bekommen.<\/p>\n<p><img src=\"https:\/\/www.willizblog.de\/images\/grainau_2012_zugspitze_01.jpg\" alt=\"Auf der Zugspitze\" title=\"Auf der Zugspitze\" \/><\/p>\n<p>\u00dcbrigens Anfang April d.J. lag dort oben auf der Zugspitze immerhin noch 435 cm Altschnee und mit -6 \u00b0C war es allerdings nur im Schatten noch reichlich kalt. In der Sonne war es eher sommerlich &#8230;<\/p>\n","protected":false},"excerpt":{"rendered":"<p>Hat man erst einmal mit der Zahnradbahn der Zugspitzbahn das Zugspitzplatt erreicht, dann geht\u2019s von hieraus mit der Gletscherbahn hinauf auf die Zugspitze, der mit 2962 m H\u00f6he h\u00f6chste Berg Deutschlands. Hier oben wird es dann auch etwas eng. Urspr\u00fcnglich hatte die Zugspitze drei Gipfel: Ost-, Mittel- und Westgipfel. Als einziger davon ist der vollst\u00e4ndig &hellip; <a href=\"https:\/\/willizblog.de\/?p=5895\" class=\"more-link\"><span class=\"screen-reader-text\">Grainau 2012 (10): Auf der Zugspitze<\/span> weiterlesen <span class=\"meta-nav\">&rarr;<\/span><\/a><\/p>\n","protected":false},"author":1,"featured_media":0,"comment_status":"open","ping_status":"open","sticky":false,"template":"","format":"standard","meta":[],"categories":[10],"tags":[],"_links":{"self":[{"href":"https:\/\/willizblog.de\/index.php?rest_route=\/wp\/v2\/posts\/5895"}],"collection":[{"href":"https:\/\/willizblog.de\/index.php?rest_route=\/wp\/v2\/posts"}],"about":[{"href":"https:\/\/willizblog.de\/index.php?rest_route=\/wp\/v2\/types\/post"}],"author":[{"embeddable":true,"href":"https:\/\/willizblog.de\/index.php?rest_route=\/wp\/v2\/users\/1"}],"replies":[{"embeddable":true,"href":"https:\/\/willizblog.de\/index.php?rest_route=%2Fwp%2Fv2%2Fcomments&post=5895"}],"version-history":[{"count":0,"href":"https:\/\/willizblog.de\/index.php?rest_route=\/wp\/v2\/posts\/5895\/revisions"}],"wp:attachment":[{"href":"https:\/\/willizblog.de\/index.php?rest_route=%2Fwp%2Fv2%2Fmedia&parent=5895"}],"wp:term":[{"taxonomy":"category","embeddable":true,"href":"https:\/\/willizblog.de\/index.php?rest_route=%2Fwp%2Fv2%2Fcategories&post=5895"},{"taxonomy":"post_tag","embeddable":true,"href":"https:\/\/willizblog.de\/index.php?rest_route=%2Fwp%2Fv2%2Ftags&post=5895"}],"curies":[{"name":"wp","href":"https:\/\/api.w.org\/{rel}","templated":true}]}}