{"id":590,"date":"2006-09-11T05:32:32","date_gmt":"2006-09-11T03:32:32","guid":{"rendered":"http:\/\/www.albinz.de\/blog\/?p=590"},"modified":"2006-09-11T07:29:21","modified_gmt":"2006-09-11T05:29:21","slug":"5-jahrestag-911","status":"publish","type":"post","link":"https:\/\/willizblog.de\/?p=590","title":{"rendered":"5. Jahrestag: 9\/11"},"content":{"rendered":"<p>Vor nun f\u00fcnf Jahren ereignete sich der <a href=\"https:\/\/de.wikipedia.org\/wiki\/Terroranschl%C3%A4ge_am_11._September_2001_in_den_USA\" target=\"_blank\">Terroranschlag<\/a> gegen das <a href=\"https:\/\/de.wikipedia.org\/wiki\/World_Trade_Center\" target=\"_blank\">World Trade Center<\/a> in New York, bei dem ca. 3000 Menschen ihr Leben verloren. Urheber des Anschlags war die Terrororgansisation <a href=\"https:\/\/de.wikipedia.org\/wiki\/Al-Qaida\" target=\"_blank\">Al-Qaida<\/a>.<\/p>\n<table border=\"0\" cellpadding=\"5\" cellspacing=\"0\" width=\"100%\">\n<tr>\n<td width=\"50%\" align=\"center\"><b><font size=\"2\"><img loading=\"lazy\" border=\"0\" src=\"https:\/\/www.albinz.net\/images\/2001_09_11_01.jpg\" alt=\"New York: 11.09.2001\" width=\"264\" height=\"200\"><\/font><\/b><\/td>\n<td width=\"50%\" align=\"center\"><b><font size=\"2\"><img loading=\"lazy\" border=\"0\" src=\"https:\/\/www.albinz.net\/images\/2001_09_11_02.jpg\" alt=\"New York: 11.09.2001\" width=\"264\" height=\"200\"><\/font><\/b><\/td>\n<\/tr>\n<tr>\n<td width=\"50%\" align=\"center\"><font face=\"Lucida Grande, Lucida Sans Unicode, Verdana, sans-serif\" size=\"2\">New York am 11.09.2001: World Trade Center<\/font><\/td>\n<td width=\"50%\" align=\"center\"><font face=\"Lucida Grande, Lucida Sans Unicode, Verdana, sans-serif\" size=\"2\">New York am 11.09.2001: World Trade Center<\/font><\/td>\n<\/tr>\n<tr>\n<td width=\"50%\" align=\"center\"><b><font size=\"2\"><img loading=\"lazy\" border=\"0\" src=\"https:\/\/www.albinz.net\/images\/2001_09_11_03.jpg\" alt=\"New York: 11.09.2001\" width=\"264\" height=\"200\"><\/font><\/b><\/td>\n<td width=\"50%\" align=\"center\"><b><font size=\"2\"><img loading=\"lazy\" border=\"0\" src=\"https:\/\/www.albinz.net\/images\/2001_09_11_04.jpg\" alt=\"New York: 11.09.2001\" width=\"264\" height=\"200\"><\/font><\/b><\/td>\n<\/tr>\n<tr>\n<td width=\"50%\" align=\"center\"><font face=\"Lucida Grande, Lucida Sans Unicode, Verdana, sans-serif\" size=\"2\">New York am 11.09.2001: Rauchfahne \u00fcber Manhattan<\/font><\/td>\n<td width=\"50%\" align=\"center\"><font face=\"Lucida Grande, Lucida Sans Unicode, Verdana, sans-serif\" size=\"2\">New York am 11.09.2001: Fl\u00fcchtende Passanten<\/font><\/td>\n<\/tr>\n<tr>\n<td width=\"50%\" align=\"center\"><b><font size=\"2\"><img loading=\"lazy\" border=\"0\" src=\"https:\/\/www.albinz.net\/images\/2001_09_11_05.jpg\" alt=\"New York: 11.09.2001\" width=\"264\" height=\"200\"><\/font><\/b><\/td>\n<td width=\"50%\" align=\"center\"><b><font size=\"2\"><img loading=\"lazy\" border=\"0\" src=\"https:\/\/www.albinz.net\/images\/2001_09_11_06.jpg\" alt=\"New York: 11.09.2001\" width=\"264\" height=\"200\"><\/font><\/b><\/td>\n<\/tr>\n<tr>\n<td width=\"50%\" align=\"center\"><font face=\"Lucida Grande, Lucida Sans Unicode, Verdana, sans-serif\" size=\"2\">New York am 11.09.2001: Asche und Rauch<\/font><\/td>\n<td width=\"50%\" align=\"center\"><font face=\"Lucida Grande, Lucida Sans Unicode, Verdana, sans-serif\" size=\"2\">New York am 11.09.2001: &#8222;Ground Zero&#8220;<\/font><\/td>\n<\/tr>\n<\/table>\n<p>Nahezu f\u00fcnf Jahre sind nun auch vergangen, seitdem der US-amerkanische Pr\u00e4sident, <a href=\"https:\/\/www.albinz.net\/george_w_bush.html\" target=\"_blank\">George W. Bush<\/a>, den Kampf gegen <a href=\"https:\/\/de.wikipedia.org\/wiki\/Achse_des_B%C3%B6sen\" target=\"_blank\">&#8218;die Achse des B\u00f6sen&#8216;<\/a> ausrief, womit er L\u00e4nder wie Nordkorea, Kuba, Iran, Irak usw. meinte und mit diesen L\u00e4ndern allierten Terrorgruppen wie Al-Qaida. Dass dieser Kampf nicht ansatzweise Fr\u00fcchte tr\u00e4gt, sehen wir zum einen im Irak, wo t\u00e4glicher Terror seine Opfer fordert, zum anderen in den weiteren Terroranschl\u00e4gen wie z.B. in Madrid am 11.03.2004 oder London am 07.07.2005.<\/p>\n<p>Jetzt ist dieser Terror auch bis Deutschland vorgedrungen. \u00c4hnlich wie in London so ist eine Verbindung der Attent\u00e4ter zu Al-Quaida bis heute ungekl\u00e4rt und meines Erachtens auch unwahrscheinlich. Es handelt sich um kleine Gruppierungen, in denen sich perspektivlose junge Menschen zusammenscharren. Gerade deshalb kann der Kampf gegen den Terror mit den Mitteln, wie sie ein George W. Bush einsetzt, nicht gewonnen werden.\n<\/p>\n<p>siehe auch zdf.de: <a href=\"http:\/\/www.zdf.de\/ZDFde\/inhalt\/26\/0,1872,3955130_20_TB,00.html\" target=\"_blank\">11. September &#8211; 5 Jahre danach<\/a><\/p>\n","protected":false},"excerpt":{"rendered":"<p>Vor nun f\u00fcnf Jahren ereignete sich der Terroranschlag gegen das World Trade Center in New York, bei dem ca. 3000 Menschen ihr Leben verloren. Urheber des Anschlags war die Terrororgansisation Al-Qaida. New York am 11.09.2001: World Trade Center New York am 11.09.2001: World Trade Center New York am 11.09.2001: Rauchfahne \u00fcber Manhattan New York am &hellip; <a href=\"https:\/\/willizblog.de\/?p=590\" class=\"more-link\"><span class=\"screen-reader-text\">5. Jahrestag: 9\/11<\/span> weiterlesen <span class=\"meta-nav\">&rarr;<\/span><\/a><\/p>\n","protected":false},"author":1,"featured_media":0,"comment_status":"closed","ping_status":"closed","sticky":false,"template":"","format":"standard","meta":[],"categories":[12],"tags":[],"_links":{"self":[{"href":"https:\/\/willizblog.de\/index.php?rest_route=\/wp\/v2\/posts\/590"}],"collection":[{"href":"https:\/\/willizblog.de\/index.php?rest_route=\/wp\/v2\/posts"}],"about":[{"href":"https:\/\/willizblog.de\/index.php?rest_route=\/wp\/v2\/types\/post"}],"author":[{"embeddable":true,"href":"https:\/\/willizblog.de\/index.php?rest_route=\/wp\/v2\/users\/1"}],"replies":[{"embeddable":true,"href":"https:\/\/willizblog.de\/index.php?rest_route=%2Fwp%2Fv2%2Fcomments&post=590"}],"version-history":[{"count":0,"href":"https:\/\/willizblog.de\/index.php?rest_route=\/wp\/v2\/posts\/590\/revisions"}],"wp:attachment":[{"href":"https:\/\/willizblog.de\/index.php?rest_route=%2Fwp%2Fv2%2Fmedia&parent=590"}],"wp:term":[{"taxonomy":"category","embeddable":true,"href":"https:\/\/willizblog.de\/index.php?rest_route=%2Fwp%2Fv2%2Fcategories&post=590"},{"taxonomy":"post_tag","embeddable":true,"href":"https:\/\/willizblog.de\/index.php?rest_route=%2Fwp%2Fv2%2Ftags&post=590"}],"curies":[{"name":"wp","href":"https:\/\/api.w.org\/{rel}","templated":true}]}}