{"id":5906,"date":"2012-05-07T07:43:44","date_gmt":"2012-05-07T06:43:44","guid":{"rendered":"http:\/\/www.willizblog.de\/?p=5906"},"modified":"2012-05-07T07:43:44","modified_gmt":"2012-05-07T06:43:44","slug":"umbruch-und-ausverkauf","status":"publish","type":"post","link":"https:\/\/willizblog.de\/?p=5906","title":{"rendered":"Umbruch und Ausverkauf"},"content":{"rendered":"<p>Die laufende Saison der Fu\u00dfball-Bundesliga ist f\u00fcr den SV Werder Bremen beendet. Wie bereits die vorige Saison war auch diese reichlich verkokst. In der R\u00fcckrunde konnte Werder lediglich zwei Siege einfahren. Und da damit das Minimalziel, die Qualifizierung f\u00fcr die <a href=\"https:\/\/www.willizblog.de\/?p=5813\" target=\"_blank\">Europa League, nicht erreicht<\/a> wurde, also keine zus\u00e4tzlichen Gelder in den gro\u00dfen Topf flie\u00dfen werden, muss Klaus Allofs, seines Zeichen Gesch\u00e4ftsf\u00fchrer des SVW, weiter den G\u00fcrtel eng schnallen.<\/p>\n<p><img src=\"https:\/\/www.willizblog.de\/blogpicts\/werder_sinking_ship.jpg\" alt=\"Werder: Willkommen im Mittelma\u00df\" title=\"Werder: Willkommen im Mittelma\u00df\" \/><\/p>\n<p>Und so kommt, was kommen musste: Es erfolgt ein <a href=\"https:\/\/www.willizblog.de\/?p=3788\" target=\"_blank\">weiterer Ausverkauf<\/a> von bisherigen Leistungstr\u00e4gern. Zun\u00e4chst verl\u00e4sst Marko Marin (okay, Leistungstr\u00e4ger sehen anders aus) die Bremer, der beim FC Chelsea, immerhin Endspielgegner der Bayern in der Champions League, unterkommt. Marin ist so ein leider inzwischen typischer Fall: technisch brillant und schnell, aber eben auch zu verspielt, so ist er in seiner Entwicklung stehen geblieben. Thomas Schaaf, Trainer der Bremer seit 1999, wollte ihn zu einem Spielmacher (Marin hatte immerhin die 10 als R\u00fcckennummer) machen, statt seine Talente richtig einzusetzen. Immerhin bekommt Werder f\u00fcr ihn eine stattliche Abl\u00f6sesumme aus London &#8211; und vielleicht auch noch den belgischen St\u00fcrmer Romelu Lukaku.als Zugabe, wohl eher nicht?!<\/p>\n<p>Anders bei Tim Wiese: TSG 1899 Hoffenheim bekommt ihn abl\u00f6sefrei. Immerhin sehe ich in dem noch jungen Sebastian Mielitz, der sich bereits \u00f6fter auszeichnen konnte, einen ad\u00e4quaten Nachfolger. Das sehen Allofs und Schaaf aber wohl etwas anders. Obwohl Christian Vander (als 3. Torh\u00fcter) bleiben wird, sucht man jetzt einen Ersatztorh\u00fcter. Kevin Trapp vom Absteiger 1.FC Kaiserslautern oder Andreas Luthe vom VfL Bochum k\u00e4men in Frage, w\u00e4ren aber wohl zu teuer. Da g\u00e4be es jetzt Michael Rensing vom Absteiger 1. FC K\u00f6ln: erfahren, noch nicht zu alt  und wohl abl\u00f6sefrei. Allofs soll auch an Richard Strebinger von Hertha BSC II interessiert sein. Tom Starke von der TSG 1899 Hoffenheim gewisserma\u00dfen als Tausch mit Wiese ist zwar auch im Gespr\u00e4ch, w\u00e4re aber schon allein seines Alters wegen keine gute Wahl. Und &#8230; und &#8230; und &#8230;<\/p>\n<p>Was nun mit Claudio Pizarro wird, ist immer noch nicht gekl\u00e4rt. Angeblich sollte es mit den Bayern schon klar Schiff sein (auch er w\u00fcrde abl\u00f6sefrei gehen), aber irgendwie ist das letzte Wort immer noch nicht gesprochen. Er will, wie es aussieht, Werder verlassen. Auf jeden Fall ist man in Bremen auf der Suche nach einem Mittelst\u00fcrmer (u.a. n\u00e4hren sich Ger\u00fcchte um Nils Petersen vom FC Bayern M\u00fcnchen, eine Ausleihe w\u00e4re das wahrscheinlichste), nachdem man den Vertrag von Markus Rosenberg nicht verl\u00e4ngert hat.<\/p>\n<p>Weitere Abg\u00e4nge sind wohl Francois Affolter zur\u00fcck in die Schweiz. Er war nur ausgeliehen und konnte sich in Bremen nicht durchsetzen. Mika\u00ebl Silvestre und Tim Borowski werden sich aufs Alterteil zur\u00fcckziehen m\u00fcssen.<\/p>\n<p>Immerhin hat man jetzt einen Vertrag mit Sokratis, der sich zum Leistungstr\u00e4ger entwickelt hat, abgeschlossen. Und der Vertrag von Sebastian Pr\u00f6dl wurde verl\u00e4ngert wie schon zuvor der mit Clemens Fritz.<\/p>\n<p>Und da gibt es noch <a href=\"http:\/\/www.weser-kurier.de\/Werder\/Profis\/Vertragspoker.html\" target=\"_blank\">andere Fragezeichen<\/a>: <em>Naldo? Mehmet Ekici? Sebastian Boenisch?<\/em> Selbst <em>Sokratis?<\/em> Zur <em>Ger\u00fcchtek\u00fcche<\/em> geht es <a href=\"http:\/\/www.transfermarkt.de\/de\/sv-werder-bremen\/geruechte\/verein_86.html\" target=\"_blank\">hier lang<\/a> &#8230;. Und Werder <a href=\"https:\/\/twitter.com\/#!\/werderbremen\" target=\"_blank\">twittert<\/a>, <a href=\"https:\/\/plus.google.com\/106090654950887633761#117371077766099003383\/posts\" target=\"_blank\">plus-googelt<\/a>  bzw. <a href=\"http:\/\/www.facebook.com\/WerderBremen\" target=\"_blank\">facebookt<\/a> ja auch &#8230;<\/p>\n<p>Es ist nicht zu \u00fcbersehen: Klaus Allofs plant bei Werder Bremen den gro\u00dfen Umbruch. Vorbild sind da Stuttgart und Gladbach. Apropos Stuttgart: Mit 17 Treffern (nur einen weniger als Pizarro) haben die Schwaben da einen Torsch\u00fctzen namens <a href=\"https:\/\/de.wikipedia.org\/wiki\/Martin_Harnik\" target=\"_blank\">Martin Harnik<\/a>, der vor zwei Jahren (nach einem Intermezzo bei Fortuna D\u00fcsseldorf) f\u00fcr ein Butterbrot und ein Ei von der Weser an den Neckar wechselte (lt. <a href=\"http:\/\/www.transfermarkt.de\/de\/statistiken\/wettbewerbe\/transfers_L1_2010.html\" target=\"_blank\">transfermarkt.de<\/a> angeblich f\u00fcr schlappe 300.000 \u20ac): <em>Kein Kommentar!<\/em><\/p>\n<p>Umbruch hei\u00dft auf neue junge Spieler setzen. Nun hat Werder Bremen schon jede Menge junge Spieler, die vor Jahresfrist als talentiert galten, die sich aber bis auf Ausnahmen nie so richtig durchsetzen konnten. Und jetzt sollen weitere junge Spieler hinzukommen. <\/p>\n<p>J\u00f6rg Wontorra, einst Sportchef bei Radio Bremen und Aufsichtsrat bei Werder, seit 2004  Moderator des Fu\u00dfball-Talk \u201eDoppelpass\u201c, hat sich Ende April zu einer ausf\u00fchrlichen Kritik hinrei\u00dfen lassen: <a href=\"http:\/\/www.weser-kurier.de\/Artikel\/Werder\/Vermischtes\/574023\/Werder-braucht-frische-Impulse-von-aussen.html?id=575905\" target=\"_blank\">Werder braucht frische Impulse von au\u00dfen<\/a> (hierzu: <a href=\"http:\/\/www.weser-kurier.de\/Artikel\/Werder\/Profis\/575905\/Was-gesagt-werden-muss.html\" target=\"_blank\">Stimmungsbericht zu Reaktionen auf Wontorra-Kritik an Werder<\/a>). Davon kann man halten, was man will.<\/p>\n<p>Eines steht auf jeden Fall fest: Viele Jahre war Werder Bremen dick im internationalen Gesch\u00e4ft und hat dabei viel Geld gescheffelt. Hinzu kamen dann halbwegs satte Transfererl\u00f6se. Wo ist das Geld geblieben? Zum einen werden die Spieler dicke Geh\u00e4lter kassiert haben (dem will Allofs jetzt endg\u00fcltig einen Riegel vorschieben) und zum anderen d\u00fcrfte einiges an Geldern in den Umbau des <a href=\"https:\/\/de.wikipedia.org\/wiki\/Weserstadion\" target=\"_blank\">Weserstadions<\/a> geflossen sein. Der eine oder andere Euro d\u00fcrfte aber noch auf der hohen Kante liegen, oder?<\/p>\n<p>Da Werder weiterhin keinen zus\u00e4tzlichen Euro im internationalen Fu\u00dfball verdienen wird, ist ein Umbruch durchaus sinnvoll. Allerdings halte ich \u201afrische Impulse von au\u00dfen\u2019 auch f\u00fcr angebracht. Vielleicht sollte Klaus Allofs tats\u00e4chlich seinen zus\u00e4tzlichen Job als Sportdirektor an einen J\u00fcngeren abgeben (d\u00fcrfte <a href=\"https:\/\/de.wikipedia.org\/wiki\/Frank_Baumann\" target=\"_blank\">Frank Baumann<\/a> nicht langsam f\u00fcr diesen Job bereit sein?). Oder Thomas Schaaf als Sportdirektor und daf\u00fcr ein neuer Trainer (aber bitte nicht Holger Stanislawski)?<\/p>\n<p>Ein Umbruch tut wohl wirklich Not. Aber es sollte dann auch ein Umbruch an der Spitze stattfinden. Es gab einfach zu viele Fehleink\u00e4ufe in den letzten Jahren. Und mir erscheint es schon so, dass Thomas Schaaf als Trainer nicht immer alle Spieler \u201aerreicht\u2019. Sowohl von Allofs als auch Schaaf werden leider nicht immer die gl\u00fccklichsten aller Entscheidungen getroffen. Es bleibt in den n\u00e4chsten Wochen und Monaten auf alle F\u00e4lle spannend beim SV Werder, wenn auch weniger sportlich &#8230; Die <a href=\"http:\/\/www.transfermarkt.de\/de\/statistiken\/wettbewerbe\/transfers.html\" target=\"_blank\">n\u00e4chste Transferphase<\/a> l\u00e4uft bereits!<\/p>\n","protected":false},"excerpt":{"rendered":"<p>Die laufende Saison der Fu\u00dfball-Bundesliga ist f\u00fcr den SV Werder Bremen beendet. Wie bereits die vorige Saison war auch diese reichlich verkokst. In der R\u00fcckrunde konnte Werder lediglich zwei Siege einfahren. Und da damit das Minimalziel, die Qualifizierung f\u00fcr die Europa League, nicht erreicht wurde, also keine zus\u00e4tzlichen Gelder in den gro\u00dfen Topf flie\u00dfen werden, &hellip; <a href=\"https:\/\/willizblog.de\/?p=5906\" class=\"more-link\"><span class=\"screen-reader-text\">Umbruch und Ausverkauf<\/span> weiterlesen <span class=\"meta-nav\">&rarr;<\/span><\/a><\/p>\n","protected":false},"author":1,"featured_media":0,"comment_status":"open","ping_status":"open","sticky":false,"template":"","format":"standard","meta":[],"categories":[27],"tags":[],"_links":{"self":[{"href":"https:\/\/willizblog.de\/index.php?rest_route=\/wp\/v2\/posts\/5906"}],"collection":[{"href":"https:\/\/willizblog.de\/index.php?rest_route=\/wp\/v2\/posts"}],"about":[{"href":"https:\/\/willizblog.de\/index.php?rest_route=\/wp\/v2\/types\/post"}],"author":[{"embeddable":true,"href":"https:\/\/willizblog.de\/index.php?rest_route=\/wp\/v2\/users\/1"}],"replies":[{"embeddable":true,"href":"https:\/\/willizblog.de\/index.php?rest_route=%2Fwp%2Fv2%2Fcomments&post=5906"}],"version-history":[{"count":0,"href":"https:\/\/willizblog.de\/index.php?rest_route=\/wp\/v2\/posts\/5906\/revisions"}],"wp:attachment":[{"href":"https:\/\/willizblog.de\/index.php?rest_route=%2Fwp%2Fv2%2Fmedia&parent=5906"}],"wp:term":[{"taxonomy":"category","embeddable":true,"href":"https:\/\/willizblog.de\/index.php?rest_route=%2Fwp%2Fv2%2Fcategories&post=5906"},{"taxonomy":"post_tag","embeddable":true,"href":"https:\/\/willizblog.de\/index.php?rest_route=%2Fwp%2Fv2%2Ftags&post=5906"}],"curies":[{"name":"wp","href":"https:\/\/api.w.org\/{rel}","templated":true}]}}