{"id":5923,"date":"2012-05-11T08:35:47","date_gmt":"2012-05-11T07:35:47","guid":{"rendered":"http:\/\/www.willizblog.de\/?p=5923"},"modified":"2012-05-10T09:41:48","modified_gmt":"2012-05-10T08:41:48","slug":"grainau-2012-11-kletterwald-garmisch-partenkirchen","status":"publish","type":"post","link":"https:\/\/willizblog.de\/?p=5923","title":{"rendered":"Grainau 2012 (11): Kletterwald Garmisch-Partenkirchen"},"content":{"rendered":"<p>Nachdem wir w\u00e4hrend unserer Urlaubs Anfang April in <a href=\"http:\/\/www.grainau.de\/de\" target=\"_blank\">Grainau<\/a> (<a href=\"https:\/\/www.willizblog.de\/?p=5734\" target=\"_blank\">Auf zur Zugspitze<\/a>) die ersten \u201aBergbesteigungen\u2019 (<a href=\"https:\/\/www.willizblog.de\/?p=5832\" target=\"_blank\">Garmisch-Classic-Rundfahrt<\/a> &#8211; <a href=\"https:\/\/www.willizblog.de\/?p=5861\" target=\"_blank\">Blick vom Osterfelderkopf<\/a> &#8211; <a href=\"https:\/\/www.willizblog.de\/?p=5892\" target=\"_blank\">Blick vom Zugspitzplatt<\/a> &#8211; <a href=\"https:\/\/www.willizblog.de\/?p=5895\" target=\"_blank\">Auf der Zugspitze<\/a>) hinter uns hatten, machten wir am 4. April einen Abstecher nach <a href=\"http:\/\/www.gapa.de\/\" target=\"_blank\">Garmisch-Partenkirchen<\/a>.<\/p>\n<p>Noch ziemlich neu ist hier der <a href=\"http:\/\/www.kletterwald-gap.de\/\" target=\"_blank\"><strong>Kletterwald \u2013 ein Abenteuer-Hochseilgarten<\/strong><\/a>, der oberhalb der Talstation der <a href=\"http:\/\/www.zugspitze.de\/de\/summer\/aktiv\/wank\/\" target=\"_blank\">Wank-Seilbahn<\/a> liegt. Schon 2011 w\u00e4hrend unseres Urlaubs in Brandenburg besuchten wir ja einen Kletterwald, den <a href=\"https:\/\/www.willizblog.de\/?p=4888\" target=\"_blank\">Arbora Kletterwald in Bad Saarow<\/a>. Der Eintritt zum Kletterwald in Garmisch-Partenkirchen ist ebenfalls in der <a href=\"http:\/\/www.zugspitzcard.com\/index_d.html\" target=\"_blank\">ZugspitzCard<\/a> enthalten.<\/p>\n<p><img src=\"https:\/\/www.willizblog.de\/images\/garmisch_partenkirchen_kletterwald.jpg\" alt=\"Kletterwald Garmisch-Partenkirchen\" title=\"Kletterwald Garmisch-Partenkirchen\" \/><\/p>\n<p><em>\u201eNicht weit von M\u00fcnchen und Augsburg &#8211; dennoch mitten im alpinen Flair und mit sensationellen Ausblicken auf das Wettersteingebirge und die Zugspitze.<\/em><\/p>\n<p><em>9 Parcours mit 101 spektakul\u00e4ren und einzigartigen Kletterelementen warten auf euch. Von 3m H\u00f6he nahe Mutter Erde bis zu 17m in den Wipfeln des Bergwaldes, vom spannenden Kindergeburtstag bis zur Trainingssequenz f\u00fcr Spitzensportler, lassen wir eure Tr\u00e4ume vom Klettern in den B\u00e4umen real werden.<\/em><\/p>\n<p><em>Im Kletterwald Garmisch-Partenkirchen sind der \u201aMagische Zirkel\u2019, der \u201aGoldgr\u00e4ber\u2019 Parcours und der \u201aLeuchtende Pfad\u2019 speziell auf die Bed\u00fcrfnisse von Kindern und Kletterwaldeinsteigern zugeschnitten.\u201c<\/em><\/p>\n<p><iframe loading=\"lazy\" width=\"420\" height=\"315\" src=\"https:\/\/www.youtube.com\/embed\/R-sPVfuKH5Q\" frameborder=\"0\" allowfullscreen><\/iframe><br \/>\nKletterwald in Garmisch-Partenkirchen &#8212; Abenteuer-Hochseilgarten &#8211; 04.04.2012<\/p>\n<p>Der Kletterwald in Garmisch-Partenkirchen \u00e4hnelt zwar dem in Bad Saarow, hat aber z.B. weniger lange Seilbahnrutschen. Daf\u00fcr gibt es u.a. den \u201aAffenhimmel\u2019, f\u00fcr den man besonders viel Armkraft ben\u00f6tigt. Meine beiden S\u00f6hne haben ihn zwar bew\u00e4ltigt, der j\u00fcngere kam aber ins Straucheln, indem er sich einmal in einem Seil verfing und nicht mehr mit eigener Kraft befreien konnte. Er musste \u201agerettet\u2019 werden. Neben der anderen Kletterei ist auch das von mir filmisch festgehalten.<\/p>\n<p>\u00dcbrigens bei uns in der N\u00e4he in Schneverdingen gibt es die <a href=\"http:\/\/www.hoehenwegarena.de\/\" target=\"_blank\">Kletter Fun Park H\u00f6henweg Arena<\/a>. Hier wird allerdings kein nat\u00fcrlich gewachsener Baumbestand genutzt, sondern die Anlage ist wohl vollst\u00e4ndig mit Holzmasten aufgebaut. Im kommenden Sommer werden wir uns auch diese Kletteranlage vornehmen.<\/p>\n","protected":false},"excerpt":{"rendered":"<p>Nachdem wir w\u00e4hrend unserer Urlaubs Anfang April in Grainau (Auf zur Zugspitze) die ersten \u201aBergbesteigungen\u2019 (Garmisch-Classic-Rundfahrt &#8211; Blick vom Osterfelderkopf &#8211; Blick vom Zugspitzplatt &#8211; Auf der Zugspitze) hinter uns hatten, machten wir am 4. April einen Abstecher nach Garmisch-Partenkirchen. Noch ziemlich neu ist hier der Kletterwald \u2013 ein Abenteuer-Hochseilgarten, der oberhalb der Talstation der &hellip; <a href=\"https:\/\/willizblog.de\/?p=5923\" class=\"more-link\"><span class=\"screen-reader-text\">Grainau 2012 (11): Kletterwald Garmisch-Partenkirchen<\/span> weiterlesen <span class=\"meta-nav\">&rarr;<\/span><\/a><\/p>\n","protected":false},"author":1,"featured_media":0,"comment_status":"open","ping_status":"open","sticky":false,"template":"","format":"standard","meta":[],"categories":[10,4],"tags":[],"_links":{"self":[{"href":"https:\/\/willizblog.de\/index.php?rest_route=\/wp\/v2\/posts\/5923"}],"collection":[{"href":"https:\/\/willizblog.de\/index.php?rest_route=\/wp\/v2\/posts"}],"about":[{"href":"https:\/\/willizblog.de\/index.php?rest_route=\/wp\/v2\/types\/post"}],"author":[{"embeddable":true,"href":"https:\/\/willizblog.de\/index.php?rest_route=\/wp\/v2\/users\/1"}],"replies":[{"embeddable":true,"href":"https:\/\/willizblog.de\/index.php?rest_route=%2Fwp%2Fv2%2Fcomments&post=5923"}],"version-history":[{"count":0,"href":"https:\/\/willizblog.de\/index.php?rest_route=\/wp\/v2\/posts\/5923\/revisions"}],"wp:attachment":[{"href":"https:\/\/willizblog.de\/index.php?rest_route=%2Fwp%2Fv2%2Fmedia&parent=5923"}],"wp:term":[{"taxonomy":"category","embeddable":true,"href":"https:\/\/willizblog.de\/index.php?rest_route=%2Fwp%2Fv2%2Fcategories&post=5923"},{"taxonomy":"post_tag","embeddable":true,"href":"https:\/\/willizblog.de\/index.php?rest_route=%2Fwp%2Fv2%2Ftags&post=5923"}],"curies":[{"name":"wp","href":"https:\/\/api.w.org\/{rel}","templated":true}]}}