{"id":5926,"date":"2012-05-12T12:30:41","date_gmt":"2012-05-12T11:30:41","guid":{"rendered":"http:\/\/www.willizblog.de\/?p=5926"},"modified":"2012-05-12T12:34:33","modified_gmt":"2012-05-12T11:34:33","slug":"bin-ich-schon","status":"publish","type":"post","link":"https:\/\/willizblog.de\/?p=5926","title":{"rendered":"Bin ich sch\u00f6n?"},"content":{"rendered":"<p>Nicht nur Frauen, auch mancher Mann fragt sich, ob er eigentlich <a href=\"https:\/\/de.wikipedia.org\/wiki\/Sch%C3%B6nheit\" target=\"_blank\">sch\u00f6n ist<\/a>. Dabei haben M\u00e4nner nicht sch\u00f6n zu sein, so wurde mir gesagt, nur interessant. Sind M\u00e4nner sch\u00f6n, dann sind sie meist schwul. Zumindest beklagt das manche Frau. Sch\u00f6n wie <a href=\"https:\/\/de.wikipedia.org\/wiki\/Adonis\" target=\"_blank\">Adonis<\/a>, der Gott, der von Frauen verehrt wurde. Aber lasse ich M\u00e4nner M\u00e4nner sein und wende mich ganz allgemein dem Begriff der Sch\u00f6nheit zu \u2013 und speziell dem \u201esch\u00f6nen Geschlecht\u201c.<\/p>\n<p>Aber was hei\u00dft schon sch\u00f6n? Sch\u00f6nheit ist im Wesentlichen von Wertvorstellungen und Bewertungszielen abh\u00e4ngig, die auch durch gesellschaftliche Konventionen gepr\u00e4gt werden. Sch\u00f6nheit ist eine \u00e4sthetische Gr\u00f6\u00dfe.<\/p>\n<p>Was fr\u00fcher einmal als sch\u00f6n galt (ich denke da z.B. an <a href=\"https:\/\/de.wikipedia.org\/wiki\/Peter_Paul_Rubens\" target=\"_blank\">Rubens<\/a> und seine doch eher korpulenten Frauenbildnisse), wird heute l\u00e4ngst nicht mehr so empfunden. Jede Zeit hat ihr Sch\u00f6nheitsideal. Lange war Schlanksein bei Frauen angesagt. Auch heute noch, obwohl sich Trends abzeichnen, die uns ein eher \u201agerundetes\u2019 Frauenbild n\u00e4her bringen m\u00f6chten. Das hat dann zwar eher etwas mit Gesundheit zu tun, denn die extreme Schlankheit, z.B. in den 60-er Jahren jener <a href=\"https:\/\/de.wikipedia.org\/wiki\/Twiggy\" target=\"_blank\">Twiggy<\/a>, gilt heute als ungesund, eine gewisse F\u00fclle als angemessen.<\/p>\n<p>Schon spielen also Aspekte bei der Definition von Sch\u00f6nheit eine Rolle, die Kopfsache sind, w\u00e4hrend Sch\u00f6nheit doch eigentlich \u201aempfunden\u2019 wird, also eine Sache des \u201aBauchs\u2019 ist. Was ist also sch\u00f6n, das was mich sinnlich \u00fcberw\u00e4ltig, was ganz besonders ist und weit \u00fcber dem Mittelma\u00df liegt? Fehlt das Besondere, so ist etwas wahrscheinlich nur \u201ah\u00fcbsch\u2019. Der Definition von Sch\u00f6nheit n\u00e4hern wir uns wahrscheinlich \u00fcber Begriffe wie Harmonie und Symmetrie am besten an, also aus besagter \u00e4sthetischer Sicht. Sch\u00f6n ist, was ebenm\u00e4\u00dfig ist. Sch\u00f6n ist etwas, dessen Teile harmonisch und symmetrisch zusammengef\u00fcgt sind. <\/p>\n<p>Es gibt Untersuchungen, bei denen auf Fotos von Kopfbildern mit Frontalansicht von Menschen eine senkrechte <a href=\"https:\/\/de.wikipedia.org\/wiki\/Achsensymmetrie\" target=\"_blank\">Achsenspiegelung<\/a> vorgenommen wurde, einmal von der rechten, dann von der linken Gesichtsh\u00e4lfte. Wer glaubt, das beide H\u00e4lften ann\u00e4hernd deckungsgleich sind, wird verwundert \u00fcber das Ergebnis sein. Hier ein j\u00fcngeres \u201aVerbrecherfoto\u2019, auch Passbild genannt, von mir (ganz <a href=\"http:\/\/www.bundesdruckerei.de\/de\/service\/service_buerger\/buerger_persdok\/persdok_epassMstr.html\" target=\"_blank\">biometrisch<\/a> oder?) \u2013 einmal normal, dann die linke Gesichtsh\u00e4lfte gespiegelt, dann die rechte.<\/p>\n<p><img src=\"https:\/\/www.willizblog.de\/images\/willi_passbild_2012_05_03_achsensymmetrie.jpg\" alt=\"\u201aVerbrecherfoto\u2019 von Willi: normal \u2013 links gespiegelt \u2013 rechts gespiegelt\" title=\"\u201aVerbrecherfoto\u2019 von Willi: normal \u2013 links gespiegelt \u2013 rechts gespiegelt\" \/><\/p>\n<p>Das angebliche Ergebnis dieser Untersuchungen soll belegen, dass als besonders sch\u00f6n ein solches Gesicht empfunden wird, in dem die linke und rechte Gesichtsh\u00e4lfte sich sehr \u00e4hnlich sind.<\/p>\n<p>Nach meinem Empfinden birgt eine solche Sch\u00f6nheit allerdings eine gewisse Sterilit\u00e4t. Wirklich sch\u00f6n ist f\u00fcr mich etwas, das kleine \u201aSch\u00f6nheitsfehler\u2019 hat. Ich bin eher f\u00fcr das Interessante als f\u00fcr das klinisch sterile Sch\u00f6ne (von anderen Werten, innerer Sch\u00f6nheit, ganz zu schweigen \u2013 aber das ist nicht mein Thema). Folgend vier Kopfbilder von jungen Damen, die sicherlich nicht durch ein absolutes Ebenma\u00df ihrer Gesichter bestechen, die ich aber \u201ainteressant\u2019 und von daher sch\u00f6n finde. Nat\u00fcrlich kommt hier bis zu einem gewissen Ma\u00df auch mein pers\u00f6nlicher \u201aGeschmack\u2019 (der nat\u00fcrlich bei der Bewertung von Sch\u00f6nem eine entscheidende Rolle spielt) zu tragen; ich mag es gern <a href=\"http:\/\/de.wiktionary.org\/wiki\/burschikos\" target=\"_blank\">burschikos<\/a>, auch leicht \u201aexotisch\u2019:<\/p>\n<p><object classid=\"clsid:D27CDB6E-AE6D-11cf-96B8-444553540000\" width=\"540\" height=\"280\" codebase=\"http:\/\/download.macromedia.com\/pub\/shockwave\/cabs\/flash\/swflash.cab\"><param name=\"movie\" value=\"https:\/\/www.willizblog.de\/blogpicts\/slideshow.swf?file=https:\/\/www.willizblog.de\/images\/bin_ich_schoen_2012.xml\" \/><param name=\"wmode\" value=\"transparent\" \/><embed width=\"540\" height=\"280\" src=\"https:\/\/www.willizblog.de\/blogpicts\/slideshow.swf?file=https:\/\/www.willizblog.de\/images\/bin_ich_schoen_2012.xml\" type=\"application\/x-shockwave-flash\" pluginspage=\"http:\/\/www.macromedia.com\/go\/getflashplayer\" wmode=\"transparent\" \/><\/object><\/p>\n<p>Hier noch einige Infos zu den jungen Damen:<\/p>\n<p>1. <a href=\"https:\/\/de.wikipedia.org\/wiki\/No%C3%A9mie_Lenoir\" target=\"_blank\">No\u00ebmie Lenoir<\/a>, franz\u00f6sisch-afrikanische Model und Schauspielerin (siehe auch <a href=\"https:\/\/www.willizblog.de\/?p=152\" target=\"_blank\">meinen \u00e4lteren Beitrag<\/a> und bei <a href=\"https:\/\/www.youtube.com\/results?search_query=No%C3%ABmie+Lenoir\" target=\"_blank\">YouTube<\/a>)<br \/>\n2. <a href=\"https:\/\/de.wikipedia.org\/wiki\/Lily_Cole\" target=\"_blank\">Lily Cole<\/a>, englisches Model, besticht u.a. durch lange Extremit\u00e4ten (siehe auch bei <a href=\"https:\/\/www.youtube.com\/results?search_query=Lily+Cole\" target=\"_blank\">YouTube<\/a>)<br \/>\n3. <a href=\"https:\/\/en.wikipedia.org\/wiki\/Georgina_Stojiljkovi%C4%87\" target=\"_blank\">Georgina Stojiljkovi&#263;<\/a>, serbisches Model (siehe auch bei <a href=\"https:\/\/www.youtube.com\/results?search_query= Georgina+Stojiljkovic\" target=\"_blank\">YouTube<\/a>)<br \/>\n3. Alina S\u00fcggeler, S\u00e4ngerin der deutschen Gruppe <a href=\"https:\/\/de.wikipedia.org\/wiki\/Frida_Gold\" target=\"_blank\">Frida Gold<\/a> (siehe auch bei <a href=\"https:\/\/www.youtube.com\/user\/fridagold\" target=\"_blank\">YouTube<\/a>)<\/p>\n<p>Es stellt sich nat\u00fcrlich nicht nur die Frage, was sch\u00f6n ist, sondern vor allem, warum wir etwas als sch\u00f6n empfinden. Also eine <a href=\"https:\/\/de.wikipedia.org\/wiki\/Sch%C3%B6nheit#Philosophie\" target=\"_blank\">philosophische Frage<\/a>, die Antwort in der <a href=\"https:\/\/de.wikipedia.org\/wiki\/%C3%84sthetik\" target=\"_blank\">\u00c4sthetik<\/a> findet. Aber genug &#8230;<\/p>\n<p>Bin ich sch\u00f6n? Diese Frage stelle ich mir schon aufgrund meines Alters nicht mehr. Wenn, dann bin ich vielleicht ein interessanter Typ, das m\u00fcssen und sollen andere entscheiden. Und wie bereits erw\u00e4hnt: Es ist nicht nur \u00e4u\u00dfere Sch\u00f6nheit, die uns besticht. Es war wohl <a href=\"https:\/\/de.wikipedia.org\/wiki\/Samuel_Beckett\" target=\"_blank\">Samuel Beckett<\/a>, den einmal eine junge, wahrlich sch\u00f6ne Frau ansprach und \u2013 nat\u00fcrlich rein hypothetisch \u2013 die Existenz gemeinsamer Kinder in Erw\u00e4gung zog: \u201eDas m\u00fcssten doch au\u00dferordentliche Kinder sein \u2013 mit Ihrer Intelligenz und meinem Aussehen!\u201c Die Antwort Becketts ist zwar nicht verbrieft, aber er stellte die M\u00f6glichkeit anheim, dass es mit den Kindern auch andersherum ausgehen k\u00f6nnte &#8230;<\/p>\n","protected":false},"excerpt":{"rendered":"<p>Nicht nur Frauen, auch mancher Mann fragt sich, ob er eigentlich sch\u00f6n ist. Dabei haben M\u00e4nner nicht sch\u00f6n zu sein, so wurde mir gesagt, nur interessant. Sind M\u00e4nner sch\u00f6n, dann sind sie meist schwul. Zumindest beklagt das manche Frau. Sch\u00f6n wie Adonis, der Gott, der von Frauen verehrt wurde. Aber lasse ich M\u00e4nner M\u00e4nner sein &hellip; <a href=\"https:\/\/willizblog.de\/?p=5926\" class=\"more-link\"><span class=\"screen-reader-text\">Bin ich sch\u00f6n?<\/span> weiterlesen <span class=\"meta-nav\">&rarr;<\/span><\/a><\/p>\n","protected":false},"author":1,"featured_media":0,"comment_status":"open","ping_status":"open","sticky":false,"template":"","format":"standard","meta":[],"categories":[21],"tags":[],"_links":{"self":[{"href":"https:\/\/willizblog.de\/index.php?rest_route=\/wp\/v2\/posts\/5926"}],"collection":[{"href":"https:\/\/willizblog.de\/index.php?rest_route=\/wp\/v2\/posts"}],"about":[{"href":"https:\/\/willizblog.de\/index.php?rest_route=\/wp\/v2\/types\/post"}],"author":[{"embeddable":true,"href":"https:\/\/willizblog.de\/index.php?rest_route=\/wp\/v2\/users\/1"}],"replies":[{"embeddable":true,"href":"https:\/\/willizblog.de\/index.php?rest_route=%2Fwp%2Fv2%2Fcomments&post=5926"}],"version-history":[{"count":0,"href":"https:\/\/willizblog.de\/index.php?rest_route=\/wp\/v2\/posts\/5926\/revisions"}],"wp:attachment":[{"href":"https:\/\/willizblog.de\/index.php?rest_route=%2Fwp%2Fv2%2Fmedia&parent=5926"}],"wp:term":[{"taxonomy":"category","embeddable":true,"href":"https:\/\/willizblog.de\/index.php?rest_route=%2Fwp%2Fv2%2Fcategories&post=5926"},{"taxonomy":"post_tag","embeddable":true,"href":"https:\/\/willizblog.de\/index.php?rest_route=%2Fwp%2Fv2%2Ftags&post=5926"}],"curies":[{"name":"wp","href":"https:\/\/api.w.org\/{rel}","templated":true}]}}